{"id":2342,"date":"2014-09-30T10:42:59","date_gmt":"2014-09-30T08:42:59","guid":{"rendered":"http:\/\/portailsolidarites.fr\/amicalelaiquegrigny\/?p=2342"},"modified":"2014-09-30T10:42:59","modified_gmt":"2014-09-30T08:42:59","slug":"90e-anniversaire-dannette-tissot","status":"publish","type":"post","link":"https:\/\/portailsolidarites.fr\/Amicale\/2014\/09\/30\/90e-anniversaire-dannette-tissot\/","title":{"rendered":"80e anniversaire d&rsquo;Annette TISSOT"},"content":{"rendered":"<p>Le 9 septembre 2014, une d\u00e9l\u00e9gation de l&rsquo;Amicale La\u00efque est all\u00e9 souhaiter son 80e anniversaire \u00e0 Annette TISSOT, ancienne amicaliste tr\u00e8s active, particuli\u00e8rement \u00e0 la section Min\u00e9raux.<\/p>\n<p>Ci-apr\u00e8s l&rsquo;article paru dans Le Progr\u00e8s<br \/>\n<em>(dans l&rsquo;article il y a 90 ans, mais il s&rsquo;agit en fait de 80)<\/em><\/p>\n<p><a href=\"http:\/\/portailsolidarites.fr\/amicalelaiquegrigny\/files\/2014\/09\/90-ans-Annette-Tissot.jpg\"><img loading=\"lazy\" decoding=\"async\" class=\"aligncenter size-full wp-image-2343\" src=\"http:\/\/portailsolidarites.fr\/amicalelaiquegrigny\/files\/2014\/09\/90-ans-Annette-Tissot.jpg\" alt=\"90 ans Annette Tissot\" width=\"566\" height=\"640\" \/><\/a><\/p>\n","protected":false},"excerpt":{"rendered":"<p>Le 9 septembre 2014, une d\u00e9l\u00e9gation de l&rsquo;Amicale La\u00efque est all\u00e9 souhaiter son 80e anniversaire \u00e0 Annette TISSOT, ancienne amicaliste tr\u00e8s active, particuli\u00e8rement \u00e0 la section Min\u00e9raux. Ci-apr\u00e8s l&rsquo;article paru dans Le Progr\u00e8s (dans l&rsquo;article il y a 90 ans, &hellip; <a href=\"https:\/\/portailsolidarites.fr\/Amicale\/2014\/09\/30\/90e-anniversaire-dannette-tissot\/\">Continuer la lecture <span class=\"meta-nav\">&rarr;<\/span><\/a><\/p>\n","protected":false},"author":2,"featured_media":0,"comment_status":"open","ping_status":"open","sticky":false,"template":"","format":"standard","meta":{"_uag_custom_page_level_css":"","footnotes":""},"categories":[2,16,17],"tags":[24],"class_list":["post-2342","post","type-post","status-publish","format-standard","hentry","category-interet-general","category-memoire","category-mineralogie","tag-anniversaire"],"uagb_featured_image_src":{"full":false,"thumbnail":false,"medium":false,"medium_large":false,"large":false,"1536x1536":false,"2048x2048":false,"post-thumbnail":false},"uagb_author_info":{"display_name":"amicalelaiquegrigny","author_link":"https:\/\/portailsolidarites.fr\/Amicale\/author\/amicalelaiquegrigny\/"},"uagb_comment_info":0,"uagb_excerpt":"Le 9 septembre 2014, une d\u00e9l\u00e9gation de l&rsquo;Amicale La\u00efque est all\u00e9 souhaiter son 80e anniversaire \u00e0 Annette TISSOT, ancienne amicaliste tr\u00e8s active, particuli\u00e8rement \u00e0 la section Min\u00e9raux. Ci-apr\u00e8s l&rsquo;article paru dans Le Progr\u00e8s (dans l&rsquo;article il y a 90 ans, &hellip; Continuer la lecture &rarr;","_links":{"self":[{"href":"https:\/\/portailsolidarites.fr\/Amicale\/wp-json\/wp\/v2\/posts\/2342","targetHints":{"allow":["GET"]}}],"collection":[{"href":"https:\/\/portailsolidarites.fr\/Amicale\/wp-json\/wp\/v2\/posts"}],"about":[{"href":"https:\/\/portailsolidarites.fr\/Amicale\/wp-json\/wp\/v2\/types\/post"}],"author":[{"embeddable":true,"href":"https:\/\/portailsolidarites.fr\/Amicale\/wp-json\/wp\/v2\/users\/2"}],"replies":[{"embeddable":true,"href":"https:\/\/portailsolidarites.fr\/Amicale\/wp-json\/wp\/v2\/comments?post=2342"}],"version-history":[{"count":0,"href":"https:\/\/portailsolidarites.fr\/Amicale\/wp-json\/wp\/v2\/posts\/2342\/revisions"}],"wp:attachment":[{"href":"https:\/\/portailsolidarites.fr\/Amicale\/wp-json\/wp\/v2\/media?parent=2342"}],"wp:term":[{"taxonomy":"category","embeddable":true,"href":"https:\/\/portailsolidarites.fr\/Amicale\/wp-json\/wp\/v2\/categories?post=2342"},{"taxonomy":"post_tag","embeddable":true,"href":"https:\/\/portailsolidarites.fr\/Amicale\/wp-json\/wp\/v2\/tags?post=2342"}],"curies":[{"name":"wp","href":"https:\/\/api.w.org\/{rel}","templated":true}]}}