{"id":2345,"date":"2014-09-30T10:48:32","date_gmt":"2014-09-30T08:48:32","guid":{"rendered":"http:\/\/portailsolidarites.fr\/amicalelaiquegrigny\/?p=2345"},"modified":"2014-09-30T10:48:32","modified_gmt":"2014-09-30T08:48:32","slug":"reprise-de-la-section-cyclo","status":"publish","type":"post","link":"https:\/\/portailsolidarites.fr\/Amicale\/2014\/09\/30\/reprise-de-la-section-cyclo\/","title":{"rendered":"Reprise de la section CYCLO"},"content":{"rendered":"<p>Les cyclotouristes, plus motiv\u00e9s que jamais, ont repris leurs sorties en groupe;<\/p>\n<p><em>Ci-apr\u00e8s l&rsquo;article du Progr\u00e8s relatant cette reprise:<br \/>\n<\/em><a href=\"http:\/\/portailsolidarites.fr\/amicalelaiquegrigny\/files\/2014\/09\/Reprise-cyclo-photo-001.jpg\"><img loading=\"lazy\" decoding=\"async\" class=\"aligncenter size-full wp-image-2346\" src=\"http:\/\/portailsolidarites.fr\/amicalelaiquegrigny\/files\/2014\/09\/Reprise-cyclo-photo-001.jpg\" alt=\"Reprise cyclo -photo-001\" width=\"640\" height=\"481\" \/><\/a><\/p>\n","protected":false},"excerpt":{"rendered":"<p>Les cyclotouristes, plus motiv\u00e9s que jamais, ont repris leurs sorties en groupe; Ci-apr\u00e8s l&rsquo;article du Progr\u00e8s relatant cette reprise:<\/p>\n","protected":false},"author":2,"featured_media":0,"comment_status":"open","ping_status":"open","sticky":false,"template":"","format":"standard","meta":{"_uag_custom_page_level_css":"","footnotes":""},"categories":[2,7],"tags":[48,103],"class_list":["post-2345","post","type-post","status-publish","format-standard","hentry","category-interet-general","category-cyclotourisme","tag-cyclo","tag-velo"],"uagb_featured_image_src":{"full":false,"thumbnail":false,"medium":false,"medium_large":false,"large":false,"1536x1536":false,"2048x2048":false,"post-thumbnail":false},"uagb_author_info":{"display_name":"amicalelaiquegrigny","author_link":"https:\/\/portailsolidarites.fr\/Amicale\/author\/amicalelaiquegrigny\/"},"uagb_comment_info":0,"uagb_excerpt":"Les cyclotouristes, plus motiv\u00e9s que jamais, ont repris leurs sorties en groupe; Ci-apr\u00e8s l&rsquo;article du Progr\u00e8s relatant cette reprise:","_links":{"self":[{"href":"https:\/\/portailsolidarites.fr\/Amicale\/wp-json\/wp\/v2\/posts\/2345","targetHints":{"allow":["GET"]}}],"collection":[{"href":"https:\/\/portailsolidarites.fr\/Amicale\/wp-json\/wp\/v2\/posts"}],"about":[{"href":"https:\/\/portailsolidarites.fr\/Amicale\/wp-json\/wp\/v2\/types\/post"}],"author":[{"embeddable":true,"href":"https:\/\/portailsolidarites.fr\/Amicale\/wp-json\/wp\/v2\/users\/2"}],"replies":[{"embeddable":true,"href":"https:\/\/portailsolidarites.fr\/Amicale\/wp-json\/wp\/v2\/comments?post=2345"}],"version-history":[{"count":0,"href":"https:\/\/portailsolidarites.fr\/Amicale\/wp-json\/wp\/v2\/posts\/2345\/revisions"}],"wp:attachment":[{"href":"https:\/\/portailsolidarites.fr\/Amicale\/wp-json\/wp\/v2\/media?parent=2345"}],"wp:term":[{"taxonomy":"category","embeddable":true,"href":"https:\/\/portailsolidarites.fr\/Amicale\/wp-json\/wp\/v2\/categories?post=2345"},{"taxonomy":"post_tag","embeddable":true,"href":"https:\/\/portailsolidarites.fr\/Amicale\/wp-json\/wp\/v2\/tags?post=2345"}],"curies":[{"name":"wp","href":"https:\/\/api.w.org\/{rel}","templated":true}]}}