{"id":2378,"date":"2014-10-30T12:32:23","date_gmt":"2014-10-30T10:32:23","guid":{"rendered":"http:\/\/portailsolidarites.fr\/amicalelaiquegrigny\/?p=2378"},"modified":"2014-10-30T12:32:23","modified_gmt":"2014-10-30T10:32:23","slug":"alain-bottone-5e-au-championnat-de-france-de-semi-marathon-2014","status":"publish","type":"post","link":"https:\/\/portailsolidarites.fr\/Amicale\/2014\/10\/30\/alain-bottone-5e-au-championnat-de-france-de-semi-marathon-2014\/","title":{"rendered":"Alain BOTTONE, 5e au championnat de France de semi-marathon 2014"},"content":{"rendered":"<p>Le 26 octobre, alors qu&rsquo;avait lieu le semi-marathon de Grigny, Alain BOTTONE , le responsable de la section Jogging, n&rsquo;y \u00e9tait pas car il participait le m\u00eame jour au championnat de France de semi-marathon \u00e0 Saint-Denis (au nord de Paris) o\u00f9 il repr\u00e9sentait l&rsquo;Amicale La\u00efque, au sein de l&rsquo;Entente Sud Lyonnais (ESL).<\/p>\n<p>Sur un beau circuit qui traversait 2 fois le stade de France (impressionnant de courir sur la piste de cet immense stade), il r\u00e9ussit \u00e0 d\u00e9passer des concurrents th\u00e9oriquement plus rapides et finit dans le temps de\u00a01H45mn26s (sensiblement mieux qu&rsquo;en 2013) ce qui le classe \u00a05e de sa cat\u00e9gorie d&rsquo;\u00e2ge V\u00e9t\u00e9ran 4 (plus de 70 ans), r\u00e9\u00e9ditant son classement de 2013 \u00e0 Belfort.<\/p>\n<p>Sa participation permet en outre \u00e0 l&rsquo;ESL d&rsquo;\u00eatre class\u00e9e par \u00e9quipe en v\u00e9t\u00e9ran (il faut au moins 4 coureurs class\u00e9s).<\/p>\n<p>Une grande satisfaction pour l&rsquo;Amicale La\u00efque et pour lui, bien s\u00fbr!<\/p>\n<p><em>Ci-dessous l&rsquo;article paru dans Le Progr\u00e8s du 30 octobre 2014:<\/em><\/p>\n<p><a href=\"http:\/\/portailsolidarites.fr\/amicalelaiquegrigny\/files\/2014\/10\/Le-Progr\u00e8s-30-oct-2014.jpg\"><img loading=\"lazy\" decoding=\"async\" class=\"aligncenter  wp-image-2379\" src=\"http:\/\/portailsolidarites.fr\/amicalelaiquegrigny\/files\/2014\/10\/Le-Progr\u00e8s-30-oct-2014.jpg\" alt=\"Le Progr\u00e8s 30 oct 2014\" width=\"480\" height=\"325\" \/><\/a><\/p>\n<p>&nbsp;<\/p>\n<p>&nbsp;<\/p>\n","protected":false},"excerpt":{"rendered":"<p>Le 26 octobre, alors qu&rsquo;avait lieu le semi-marathon de Grigny, Alain BOTTONE , le responsable de la section Jogging, n&rsquo;y \u00e9tait pas car il participait le m\u00eame jour au championnat de France de semi-marathon \u00e0 Saint-Denis (au nord de Paris) &hellip; <a href=\"https:\/\/portailsolidarites.fr\/Amicale\/2014\/10\/30\/alain-bottone-5e-au-championnat-de-france-de-semi-marathon-2014\/\">Continuer la lecture <span class=\"meta-nav\">&rarr;<\/span><\/a><\/p>\n","protected":false},"author":2,"featured_media":0,"comment_status":"open","ping_status":"open","sticky":false,"template":"","format":"standard","meta":{"_uag_custom_page_level_css":"","footnotes":""},"categories":[2,4,15],"tags":[],"class_list":["post-2378","post","type-post","status-publish","format-standard","hentry","category-interet-general","category-athletisme","category-joggijg"],"uagb_featured_image_src":{"full":false,"thumbnail":false,"medium":false,"medium_large":false,"large":false,"1536x1536":false,"2048x2048":false,"post-thumbnail":false},"uagb_author_info":{"display_name":"amicalelaiquegrigny","author_link":"https:\/\/portailsolidarites.fr\/Amicale\/author\/amicalelaiquegrigny\/"},"uagb_comment_info":0,"uagb_excerpt":"Le 26 octobre, alors qu&rsquo;avait lieu le semi-marathon de Grigny, Alain BOTTONE , le responsable de la section Jogging, n&rsquo;y \u00e9tait pas car il participait le m\u00eame jour au championnat de France de semi-marathon \u00e0 Saint-Denis (au nord de Paris) &hellip; Continuer la lecture &rarr;","_links":{"self":[{"href":"https:\/\/portailsolidarites.fr\/Amicale\/wp-json\/wp\/v2\/posts\/2378","targetHints":{"allow":["GET"]}}],"collection":[{"href":"https:\/\/portailsolidarites.fr\/Amicale\/wp-json\/wp\/v2\/posts"}],"about":[{"href":"https:\/\/portailsolidarites.fr\/Amicale\/wp-json\/wp\/v2\/types\/post"}],"author":[{"embeddable":true,"href":"https:\/\/portailsolidarites.fr\/Amicale\/wp-json\/wp\/v2\/users\/2"}],"replies":[{"embeddable":true,"href":"https:\/\/portailsolidarites.fr\/Amicale\/wp-json\/wp\/v2\/comments?post=2378"}],"version-history":[{"count":0,"href":"https:\/\/portailsolidarites.fr\/Amicale\/wp-json\/wp\/v2\/posts\/2378\/revisions"}],"wp:attachment":[{"href":"https:\/\/portailsolidarites.fr\/Amicale\/wp-json\/wp\/v2\/media?parent=2378"}],"wp:term":[{"taxonomy":"category","embeddable":true,"href":"https:\/\/portailsolidarites.fr\/Amicale\/wp-json\/wp\/v2\/categories?post=2378"},{"taxonomy":"post_tag","embeddable":true,"href":"https:\/\/portailsolidarites.fr\/Amicale\/wp-json\/wp\/v2\/tags?post=2378"}],"curies":[{"name":"wp","href":"https:\/\/api.w.org\/{rel}","templated":true}]}}