{"id":2435,"date":"2014-12-22T15:42:00","date_gmt":"2014-12-22T13:42:00","guid":{"rendered":"http:\/\/portailsolidarites.fr\/amicalelaiquegrigny\/?p=2435"},"modified":"2014-12-22T15:42:00","modified_gmt":"2014-12-22T13:42:00","slug":"la-section-arts-plastiques-enfants-a-larbre-de-noel-de-lamicale-du-17-decembre-2014","status":"publish","type":"post","link":"https:\/\/portailsolidarites.fr\/Amicale\/2014\/12\/22\/la-section-arts-plastiques-enfants-a-larbre-de-noel-de-lamicale-du-17-decembre-2014\/","title":{"rendered":"La section Arts Plastiques Enfants \u00e0 l&rsquo;arbre de No\u00ebl de l&rsquo;Amicale du 17 d\u00e9cembre 2014"},"content":{"rendered":"<p>Sous l&rsquo;impulsion d&rsquo;Aurore, leur animatrice, tous les enfants de la section Arts Plastiques Enfants se sont fortement mobilis\u00e9s pour pr\u00e9parer No\u00ebl.<\/p>\n<p>Ils ont cr\u00e9\u00e9 un arbre de No\u00ebl original et des cartes de No\u00ebl qui ont \u00e9t\u00e9 pr\u00e9sent\u00e9es \u00e0 un stand \u00ab\u00a0carterie\u00a0\u00bb le jour de l&rsquo;Arbre de No\u00ebl, cartes qui pouvaient \u00eatre achet\u00e9s et qui ont eu un joli succ\u00e8s! (voir photos ci-dessous).<\/p>\n<div id=\"attachment_2428\" style=\"width: 650px\" class=\"wp-caption aligncenter\"><a href=\"http:\/\/portailsolidarites.fr\/amicalelaiquegrigny\/files\/2014\/12\/01CARTERIE.jpg\"><img loading=\"lazy\" decoding=\"async\" aria-describedby=\"caption-attachment-2428\" class=\"size-full wp-image-2428\" src=\"http:\/\/portailsolidarites.fr\/amicalelaiquegrigny\/files\/2014\/12\/01CARTERIE.jpg\" alt=\"La carterie\" width=\"640\" height=\"428\" \/><\/a><p id=\"caption-attachment-2428\" class=\"wp-caption-text\">La carterie<\/p><\/div>\n<div id=\"attachment_2430\" style=\"width: 650px\" class=\"wp-caption aligncenter\"><a href=\"http:\/\/portailsolidarites.fr\/amicalelaiquegrigny\/files\/2014\/12\/03CARTERIE.jpg\"><img loading=\"lazy\" decoding=\"async\" aria-describedby=\"caption-attachment-2430\" class=\"size-full wp-image-2430\" src=\"http:\/\/portailsolidarites.fr\/amicalelaiquegrigny\/files\/2014\/12\/03CARTERIE.jpg\" alt=\"de bien jolies cartes!\" width=\"640\" height=\"428\" \/><\/a><p id=\"caption-attachment-2430\" class=\"wp-caption-text\">de bien jolies cartes!<\/p><\/div>\n<div id=\"attachment_2429\" style=\"width: 438px\" class=\"wp-caption aligncenter\"><a href=\"http:\/\/portailsolidarites.fr\/amicalelaiquegrigny\/files\/2014\/12\/02CARTERIE.jpg\"><img loading=\"lazy\" decoding=\"async\" aria-describedby=\"caption-attachment-2429\" class=\"size-full wp-image-2429\" src=\"http:\/\/portailsolidarites.fr\/amicalelaiquegrigny\/files\/2014\/12\/02CARTERIE.jpg\" alt=\"L'arbre de No\u00ebl\" width=\"428\" height=\"640\" \/><\/a><p id=\"caption-attachment-2429\" class=\"wp-caption-text\">L&rsquo;arbre de No\u00ebl<\/p><\/div>\n<p>&nbsp;<\/p>\n<p>En outre, un atelier baptis\u00e9e \u00ab\u00a0photobooth\u00a0\u00bb a \u00e9t\u00e9 organis\u00e9 lors des s\u00e9ances d&rsquo;arts plastiques: les enfants devaient dessiner les accessoires qu&rsquo;ils porteraient pour la photo de classe. On en voit le r\u00e9sultat sur la photo ci-dessous.<br \/>\nManifestement, l&rsquo;ambiance de l&rsquo;Atelier est excellente!<br \/>\n<span style=\"color: #0000ff\"><strong>Bravo les enfants et bravo l&rsquo;animatrice.<\/strong><\/span><\/p>\n<div id=\"attachment_2431\" style=\"width: 650px\" class=\"wp-caption aligncenter\"><a href=\"http:\/\/portailsolidarites.fr\/amicalelaiquegrigny\/files\/2014\/12\/AMICALE0477_BD.jpg\"><img loading=\"lazy\" decoding=\"async\" aria-describedby=\"caption-attachment-2431\" class=\"size-full wp-image-2431\" src=\"http:\/\/portailsolidarites.fr\/amicalelaiquegrigny\/files\/2014\/12\/AMICALE0477_BD.jpg\" alt=\"Photo de classe\" width=\"640\" height=\"428\" \/><\/a><p id=\"caption-attachment-2431\" class=\"wp-caption-text\">Photo de classe<\/p><\/div>\n","protected":false},"excerpt":{"rendered":"<p>Sous l&rsquo;impulsion d&rsquo;Aurore, leur animatrice, tous les enfants de la section Arts Plastiques Enfants se sont fortement mobilis\u00e9s pour pr\u00e9parer No\u00ebl. Ils ont cr\u00e9\u00e9 un arbre de No\u00ebl original et des cartes de No\u00ebl qui ont \u00e9t\u00e9 pr\u00e9sent\u00e9es \u00e0 un &hellip; <a href=\"https:\/\/portailsolidarites.fr\/Amicale\/2014\/12\/22\/la-section-arts-plastiques-enfants-a-larbre-de-noel-de-lamicale-du-17-decembre-2014\/\">Continuer la lecture <span class=\"meta-nav\">&rarr;<\/span><\/a><\/p>\n","protected":false},"author":2,"featured_media":0,"comment_status":"open","ping_status":"open","sticky":false,"template":"","format":"standard","meta":{"_uag_custom_page_level_css":"","footnotes":""},"categories":[2,3],"tags":[28,56,80],"class_list":["post-2435","post","type-post","status-publish","format-standard","hentry","category-interet-general","category-arts-plastiques","tag-arts","tag-enfants","tag-noel"],"uagb_featured_image_src":{"full":false,"thumbnail":false,"medium":false,"medium_large":false,"large":false,"1536x1536":false,"2048x2048":false,"post-thumbnail":false},"uagb_author_info":{"display_name":"amicalelaiquegrigny","author_link":"https:\/\/portailsolidarites.fr\/Amicale\/author\/amicalelaiquegrigny\/"},"uagb_comment_info":0,"uagb_excerpt":"Sous l&rsquo;impulsion d&rsquo;Aurore, leur animatrice, tous les enfants de la section Arts Plastiques Enfants se sont fortement mobilis\u00e9s pour pr\u00e9parer No\u00ebl. Ils ont cr\u00e9\u00e9 un arbre de No\u00ebl original et des cartes de No\u00ebl qui ont \u00e9t\u00e9 pr\u00e9sent\u00e9es \u00e0 un &hellip; Continuer la lecture &rarr;","_links":{"self":[{"href":"https:\/\/portailsolidarites.fr\/Amicale\/wp-json\/wp\/v2\/posts\/2435","targetHints":{"allow":["GET"]}}],"collection":[{"href":"https:\/\/portailsolidarites.fr\/Amicale\/wp-json\/wp\/v2\/posts"}],"about":[{"href":"https:\/\/portailsolidarites.fr\/Amicale\/wp-json\/wp\/v2\/types\/post"}],"author":[{"embeddable":true,"href":"https:\/\/portailsolidarites.fr\/Amicale\/wp-json\/wp\/v2\/users\/2"}],"replies":[{"embeddable":true,"href":"https:\/\/portailsolidarites.fr\/Amicale\/wp-json\/wp\/v2\/comments?post=2435"}],"version-history":[{"count":0,"href":"https:\/\/portailsolidarites.fr\/Amicale\/wp-json\/wp\/v2\/posts\/2435\/revisions"}],"wp:attachment":[{"href":"https:\/\/portailsolidarites.fr\/Amicale\/wp-json\/wp\/v2\/media?parent=2435"}],"wp:term":[{"taxonomy":"category","embeddable":true,"href":"https:\/\/portailsolidarites.fr\/Amicale\/wp-json\/wp\/v2\/categories?post=2435"},{"taxonomy":"post_tag","embeddable":true,"href":"https:\/\/portailsolidarites.fr\/Amicale\/wp-json\/wp\/v2\/tags?post=2435"}],"curies":[{"name":"wp","href":"https:\/\/api.w.org\/{rel}","templated":true}]}}