{"id":2564,"date":"2015-02-02T12:14:13","date_gmt":"2015-02-02T10:14:13","guid":{"rendered":"http:\/\/portailsolidarites.fr\/amicalelaiquegrigny\/?p=2564"},"modified":"2015-02-02T12:14:13","modified_gmt":"2015-02-02T10:14:13","slug":"une-nouvelle-activite-la-danse-de-salon","status":"publish","type":"post","link":"https:\/\/portailsolidarites.fr\/Amicale\/2015\/02\/02\/une-nouvelle-activite-la-danse-de-salon\/","title":{"rendered":"Une nouvelle activit\u00e9: la danse de salon"},"content":{"rendered":"<p>Les personnes int\u00e9ress\u00e9es par la danse dite \u00ab\u00a0de salon\u00a0\u00bb trouveront \u00e0 l&rsquo;Amicale un cadre et des professionnels pour apprendre ou se perfectionner, tout en se divertissant.<br \/>\nD&rsquo;agr\u00e9ables dimanches apr\u00e8s-midi en perspective!<\/p>\n<p>Ci-dessous l&rsquo;article du Progr\u00e8s qui annonce la cr\u00e9ation de ce nouvel \u00ab\u00a0atelier\u00a0\u00bb.<\/p>\n<p><span style=\"color: #0000ff\"><em>Prochaines s\u00e9ances: 22 mars, 26 avril, 17 mai (de 14 \u00e0 17 H) <a href=\"http:\/\/portailsolidarites.fr\/amicalelaiquegrigny\/activites\/danse-de-salon\/\">===&gt;&gt; cf affiche<\/a><\/em><\/span><\/p>\n<p><a href=\"http:\/\/portailsolidarites.fr\/amicalelaiquegrigny\/files\/2015\/02\/Danse-de-salon.jpg\"><img loading=\"lazy\" decoding=\"async\" class=\"aligncenter size-full wp-image-2565\" src=\"http:\/\/portailsolidarites.fr\/amicalelaiquegrigny\/files\/2015\/02\/Danse-de-salon.jpg\" alt=\"Danse de salon\" width=\"466\" height=\"480\" \/><\/a><\/p>\n","protected":false},"excerpt":{"rendered":"<p>Les personnes int\u00e9ress\u00e9es par la danse dite \u00ab\u00a0de salon\u00a0\u00bb trouveront \u00e0 l&rsquo;Amicale un cadre et des professionnels pour apprendre ou se perfectionner, tout en se divertissant. D&rsquo;agr\u00e9ables dimanches apr\u00e8s-midi en perspective! Ci-dessous l&rsquo;article du Progr\u00e8s qui annonce la cr\u00e9ation de &hellip; <a href=\"https:\/\/portailsolidarites.fr\/Amicale\/2015\/02\/02\/une-nouvelle-activite-la-danse-de-salon\/\">Continuer la lecture <span class=\"meta-nav\">&rarr;<\/span><\/a><\/p>\n","protected":false},"author":2,"featured_media":0,"comment_status":"open","ping_status":"open","sticky":false,"template":"","format":"standard","meta":{"_uag_custom_page_level_css":"","footnotes":""},"categories":[2],"tags":[49,93],"class_list":["post-2564","post","type-post","status-publish","format-standard","hentry","category-interet-general","tag-danse","tag-rock-2"],"uagb_featured_image_src":{"full":false,"thumbnail":false,"medium":false,"medium_large":false,"large":false,"1536x1536":false,"2048x2048":false,"post-thumbnail":false},"uagb_author_info":{"display_name":"amicalelaiquegrigny","author_link":"https:\/\/portailsolidarites.fr\/Amicale\/author\/amicalelaiquegrigny\/"},"uagb_comment_info":0,"uagb_excerpt":"Les personnes int\u00e9ress\u00e9es par la danse dite \u00ab\u00a0de salon\u00a0\u00bb trouveront \u00e0 l&rsquo;Amicale un cadre et des professionnels pour apprendre ou se perfectionner, tout en se divertissant. D&rsquo;agr\u00e9ables dimanches apr\u00e8s-midi en perspective! Ci-dessous l&rsquo;article du Progr\u00e8s qui annonce la cr\u00e9ation de &hellip; Continuer la lecture &rarr;","_links":{"self":[{"href":"https:\/\/portailsolidarites.fr\/Amicale\/wp-json\/wp\/v2\/posts\/2564","targetHints":{"allow":["GET"]}}],"collection":[{"href":"https:\/\/portailsolidarites.fr\/Amicale\/wp-json\/wp\/v2\/posts"}],"about":[{"href":"https:\/\/portailsolidarites.fr\/Amicale\/wp-json\/wp\/v2\/types\/post"}],"author":[{"embeddable":true,"href":"https:\/\/portailsolidarites.fr\/Amicale\/wp-json\/wp\/v2\/users\/2"}],"replies":[{"embeddable":true,"href":"https:\/\/portailsolidarites.fr\/Amicale\/wp-json\/wp\/v2\/comments?post=2564"}],"version-history":[{"count":0,"href":"https:\/\/portailsolidarites.fr\/Amicale\/wp-json\/wp\/v2\/posts\/2564\/revisions"}],"wp:attachment":[{"href":"https:\/\/portailsolidarites.fr\/Amicale\/wp-json\/wp\/v2\/media?parent=2564"}],"wp:term":[{"taxonomy":"category","embeddable":true,"href":"https:\/\/portailsolidarites.fr\/Amicale\/wp-json\/wp\/v2\/categories?post=2564"},{"taxonomy":"post_tag","embeddable":true,"href":"https:\/\/portailsolidarites.fr\/Amicale\/wp-json\/wp\/v2\/tags?post=2564"}],"curies":[{"name":"wp","href":"https:\/\/api.w.org\/{rel}","templated":true}]}}