{"id":2573,"date":"2015-02-02T17:42:50","date_gmt":"2015-02-02T15:42:50","guid":{"rendered":"http:\/\/portailsolidarites.fr\/amicalelaiquegrigny\/?p=2573"},"modified":"2015-02-02T17:42:50","modified_gmt":"2015-02-02T15:42:50","slug":"resultats-competition-de-gymnastique","status":"publish","type":"post","link":"https:\/\/portailsolidarites.fr\/Amicale\/2015\/02\/02\/resultats-competition-de-gymnastique\/","title":{"rendered":"R\u00e9sultats comp\u00e9tition de gymnastique"},"content":{"rendered":"<p style=\"text-align: center\">Une troisi\u00e8me place m\u00e9rit\u00e9e pour les Niveaux 6 de la section gym artistique. L&rsquo;\u00e9quipe de 6 filles se voit r\u00e9compens\u00e9e lors de la premi\u00e8re comp\u00e9tition de l&rsquo;ann\u00e9e \u00e0 Francheville le 25 janvier.<\/p>\n<p style=\"text-align: center\">De plus Zo\u00e9 est class\u00e9e 3\u00e8me en individuelle.<\/p>\n<p style=\"text-align: center\">Un bon r\u00e9sultat qui les poussent \u00e0 se surpasser encore pour la prochaine!<\/p>\n<p><a href=\"http:\/\/portailsolidarites.fr\/amicalelaiquegrigny\/files\/2015\/02\/compet-gym.jpg\"><img loading=\"lazy\" decoding=\"async\" class=\"aligncenter size-full wp-image-2575\" src=\"http:\/\/portailsolidarites.fr\/amicalelaiquegrigny\/files\/2015\/02\/compet-gym.jpg\" alt=\"compet gym\" width=\"370\" height=\"523\" \/><\/a><\/p>\n","protected":false},"excerpt":{"rendered":"<p>Une troisi\u00e8me place m\u00e9rit\u00e9e pour les Niveaux 6 de la section gym artistique. L&rsquo;\u00e9quipe de 6 filles se voit r\u00e9compens\u00e9e lors de la premi\u00e8re comp\u00e9tition de l&rsquo;ann\u00e9e \u00e0 Francheville le 25 janvier. De plus Zo\u00e9 est class\u00e9e 3\u00e8me en individuelle. &hellip; <a href=\"https:\/\/portailsolidarites.fr\/Amicale\/2015\/02\/02\/resultats-competition-de-gymnastique\/\">Continuer la lecture <span class=\"meta-nav\">&rarr;<\/span><\/a><\/p>\n","protected":false},"author":2,"featured_media":0,"comment_status":"open","ping_status":"open","sticky":false,"template":"","format":"standard","meta":{"_uag_custom_page_level_css":"","footnotes":""},"categories":[2,12],"tags":[],"class_list":["post-2573","post","type-post","status-publish","format-standard","hentry","category-interet-general","category-gymnastique-artistique"],"uagb_featured_image_src":{"full":false,"thumbnail":false,"medium":false,"medium_large":false,"large":false,"1536x1536":false,"2048x2048":false,"post-thumbnail":false},"uagb_author_info":{"display_name":"amicalelaiquegrigny","author_link":"https:\/\/portailsolidarites.fr\/Amicale\/author\/amicalelaiquegrigny\/"},"uagb_comment_info":0,"uagb_excerpt":"Une troisi\u00e8me place m\u00e9rit\u00e9e pour les Niveaux 6 de la section gym artistique. L&rsquo;\u00e9quipe de 6 filles se voit r\u00e9compens\u00e9e lors de la premi\u00e8re comp\u00e9tition de l&rsquo;ann\u00e9e \u00e0 Francheville le 25 janvier. De plus Zo\u00e9 est class\u00e9e 3\u00e8me en individuelle. &hellip; Continuer la lecture &rarr;","_links":{"self":[{"href":"https:\/\/portailsolidarites.fr\/Amicale\/wp-json\/wp\/v2\/posts\/2573","targetHints":{"allow":["GET"]}}],"collection":[{"href":"https:\/\/portailsolidarites.fr\/Amicale\/wp-json\/wp\/v2\/posts"}],"about":[{"href":"https:\/\/portailsolidarites.fr\/Amicale\/wp-json\/wp\/v2\/types\/post"}],"author":[{"embeddable":true,"href":"https:\/\/portailsolidarites.fr\/Amicale\/wp-json\/wp\/v2\/users\/2"}],"replies":[{"embeddable":true,"href":"https:\/\/portailsolidarites.fr\/Amicale\/wp-json\/wp\/v2\/comments?post=2573"}],"version-history":[{"count":0,"href":"https:\/\/portailsolidarites.fr\/Amicale\/wp-json\/wp\/v2\/posts\/2573\/revisions"}],"wp:attachment":[{"href":"https:\/\/portailsolidarites.fr\/Amicale\/wp-json\/wp\/v2\/media?parent=2573"}],"wp:term":[{"taxonomy":"category","embeddable":true,"href":"https:\/\/portailsolidarites.fr\/Amicale\/wp-json\/wp\/v2\/categories?post=2573"},{"taxonomy":"post_tag","embeddable":true,"href":"https:\/\/portailsolidarites.fr\/Amicale\/wp-json\/wp\/v2\/tags?post=2573"}],"curies":[{"name":"wp","href":"https:\/\/api.w.org\/{rel}","templated":true}]}}