{"id":2649,"date":"2015-04-01T14:21:43","date_gmt":"2015-04-01T12:21:43","guid":{"rendered":"http:\/\/portailsolidarites.fr\/amicalelaiquegrigny\/?p=2649"},"modified":"2015-04-01T14:21:43","modified_gmt":"2015-04-01T12:21:43","slug":"resultats-gymnastique-artistique-mars-2015","status":"publish","type":"post","link":"https:\/\/portailsolidarites.fr\/Amicale\/2015\/04\/01\/resultats-gymnastique-artistique-mars-2015\/","title":{"rendered":"R\u00e9sultats gymnastique artistique Mars 2015"},"content":{"rendered":"<p style=\"text-align: center\"><span style=\"text-decoration: underline\"><span style=\"color: #ff0000;text-decoration: underline\">R\u00e9sultats Gymnastique Artistique:<\/span><\/span><\/p>\n<p style=\"text-align: center\">Le dimanche 22 mars l&rsquo;\u00e9quipe Niveau 6, 11 ans et plus<br \/>\na encore fait un tr\u00e8s bon r\u00e9sultat. <span style=\"color: #0000ff\"><strong>Les filles terminent \u00e0 la <\/strong><\/span><br \/>\n<span style=\"color: #0000ff\"><strong>4\u00e8me place et sont qualifi\u00e9es pour la demie finale!<\/strong><\/span><\/p>\n<div class=\"text_exposed_show\">\n<p style=\"text-align: center\">Zo\u00e9 est class\u00e9e 2\u00e8me en individuelle cette fois (on esp\u00e8re une premi\u00e8re place pour la prochaine&#8230;)<\/p>\n<p style=\"text-align: center\"><em><span style=\"color: #00ff00\">Un grand bravo et bonne chance pour la suite!<\/span><\/em><\/p>\n<p style=\"text-align: center\"><a href=\"http:\/\/portailsolidarites.fr\/amicalelaiquegrigny\/files\/2012\/03\/comp\u00e8t-regionale-saint-priest-mars-2015.jpg\"><img loading=\"lazy\" decoding=\"async\" class=\"aligncenter size-full wp-image-2636\" src=\"http:\/\/portailsolidarites.fr\/amicalelaiquegrigny\/files\/2012\/03\/comp\u00e8t-regionale-saint-priest-mars-2015.jpg\" alt=\"comp\u00e8t regionale saint priest mars 2015\" width=\"1654\" height=\"2339\" \/><\/a><\/p>\n<\/div>\n","protected":false},"excerpt":{"rendered":"<p>R\u00e9sultats Gymnastique Artistique: Le dimanche 22 mars l&rsquo;\u00e9quipe Niveau 6, 11 ans et plus a encore fait un tr\u00e8s bon r\u00e9sultat. Les filles terminent \u00e0 la 4\u00e8me place et sont qualifi\u00e9es pour la demie finale! Zo\u00e9 est class\u00e9e 2\u00e8me en &hellip; <a href=\"https:\/\/portailsolidarites.fr\/Amicale\/2015\/04\/01\/resultats-gymnastique-artistique-mars-2015\/\">Continuer la lecture <span class=\"meta-nav\">&rarr;<\/span><\/a><\/p>\n","protected":false},"author":2,"featured_media":0,"comment_status":"open","ping_status":"open","sticky":false,"template":"","format":"standard","meta":{"_uag_custom_page_level_css":"","footnotes":""},"categories":[2],"tags":[],"class_list":["post-2649","post","type-post","status-publish","format-standard","hentry","category-interet-general"],"uagb_featured_image_src":{"full":false,"thumbnail":false,"medium":false,"medium_large":false,"large":false,"1536x1536":false,"2048x2048":false,"post-thumbnail":false},"uagb_author_info":{"display_name":"amicalelaiquegrigny","author_link":"https:\/\/portailsolidarites.fr\/Amicale\/author\/amicalelaiquegrigny\/"},"uagb_comment_info":0,"uagb_excerpt":"R\u00e9sultats Gymnastique Artistique: Le dimanche 22 mars l&rsquo;\u00e9quipe Niveau 6, 11 ans et plus a encore fait un tr\u00e8s bon r\u00e9sultat. Les filles terminent \u00e0 la 4\u00e8me place et sont qualifi\u00e9es pour la demie finale! Zo\u00e9 est class\u00e9e 2\u00e8me en &hellip; Continuer la lecture &rarr;","_links":{"self":[{"href":"https:\/\/portailsolidarites.fr\/Amicale\/wp-json\/wp\/v2\/posts\/2649","targetHints":{"allow":["GET"]}}],"collection":[{"href":"https:\/\/portailsolidarites.fr\/Amicale\/wp-json\/wp\/v2\/posts"}],"about":[{"href":"https:\/\/portailsolidarites.fr\/Amicale\/wp-json\/wp\/v2\/types\/post"}],"author":[{"embeddable":true,"href":"https:\/\/portailsolidarites.fr\/Amicale\/wp-json\/wp\/v2\/users\/2"}],"replies":[{"embeddable":true,"href":"https:\/\/portailsolidarites.fr\/Amicale\/wp-json\/wp\/v2\/comments?post=2649"}],"version-history":[{"count":0,"href":"https:\/\/portailsolidarites.fr\/Amicale\/wp-json\/wp\/v2\/posts\/2649\/revisions"}],"wp:attachment":[{"href":"https:\/\/portailsolidarites.fr\/Amicale\/wp-json\/wp\/v2\/media?parent=2649"}],"wp:term":[{"taxonomy":"category","embeddable":true,"href":"https:\/\/portailsolidarites.fr\/Amicale\/wp-json\/wp\/v2\/categories?post=2649"},{"taxonomy":"post_tag","embeddable":true,"href":"https:\/\/portailsolidarites.fr\/Amicale\/wp-json\/wp\/v2\/tags?post=2649"}],"curies":[{"name":"wp","href":"https:\/\/api.w.org\/{rel}","templated":true}]}}