{"id":2692,"date":"2015-06-08T17:45:46","date_gmt":"2015-06-08T15:45:46","guid":{"rendered":"http:\/\/portailsolidarites.fr\/amicalelaiquegrigny\/?p=2692"},"modified":"2015-06-08T17:45:46","modified_gmt":"2015-06-08T15:45:46","slug":"randonnee-gala-20-juin-2015","status":"publish","type":"post","link":"https:\/\/portailsolidarites.fr\/Amicale\/2015\/06\/08\/randonnee-gala-20-juin-2015\/","title":{"rendered":"Randonn\u00e9e, Gala 20 juin 2015"},"content":{"rendered":"<h2 style=\"text-align: center\"><span style=\"text-decoration: underline\"><span style=\"color: #ff0000;text-decoration: underline\">La Section<\/span><\/span><\/h2>\n<h2 style=\"text-align: center\"><span style=\"text-decoration: underline\"><span style=\"color: #ff0000;text-decoration: underline\">Randonn\u00e9e<\/span><\/span><\/h2>\n<h2 style=\"text-align: center\"><span style=\"text-decoration: underline\"><span style=\"color: #ff0000;text-decoration: underline\">Propose gratuitement<\/span><\/span><\/h2>\n<h3><strong>Le 20 juin 2015, de 10h30 \u00e0 11h30, la d\u00e9couverte du Canal de Rive de Gier: 1h de marche sans d\u00e9nivell\u00e9.<\/strong><\/h3>\n<h3><strong>D\u00e9part: Centre Chervet, 2 avenue Jean Durand 69520 Grigny.<\/strong><\/h3>\n<h3 style=\"text-align: center\"><em><span style=\"text-decoration: underline\"><span style=\"color: #339966;text-decoration: underline\">Inscriptions avant le 15\/06\/15 au: 09.52.43.05.17.<\/span><\/span><\/em><\/h3>\n","protected":false},"excerpt":{"rendered":"<p>La Section Randonn\u00e9e Propose gratuitement Le 20 juin 2015, de 10h30 \u00e0 11h30, la d\u00e9couverte du Canal de Rive de Gier: 1h de marche sans d\u00e9nivell\u00e9. D\u00e9part: Centre Chervet, 2 avenue Jean Durand 69520 Grigny. Inscriptions avant le 15\/06\/15 au: &hellip; <a href=\"https:\/\/portailsolidarites.fr\/Amicale\/2015\/06\/08\/randonnee-gala-20-juin-2015\/\">Continuer la lecture <span class=\"meta-nav\">&rarr;<\/span><\/a><\/p>\n","protected":false},"author":2,"featured_media":0,"comment_status":"open","ping_status":"open","sticky":false,"template":"","format":"standard","meta":{"_uag_custom_page_level_css":"","footnotes":""},"categories":[2],"tags":[],"class_list":["post-2692","post","type-post","status-publish","format-standard","hentry","category-interet-general"],"uagb_featured_image_src":{"full":false,"thumbnail":false,"medium":false,"medium_large":false,"large":false,"1536x1536":false,"2048x2048":false,"post-thumbnail":false},"uagb_author_info":{"display_name":"amicalelaiquegrigny","author_link":"https:\/\/portailsolidarites.fr\/Amicale\/author\/amicalelaiquegrigny\/"},"uagb_comment_info":0,"uagb_excerpt":"La Section Randonn\u00e9e Propose gratuitement Le 20 juin 2015, de 10h30 \u00e0 11h30, la d\u00e9couverte du Canal de Rive de Gier: 1h de marche sans d\u00e9nivell\u00e9. D\u00e9part: Centre Chervet, 2 avenue Jean Durand 69520 Grigny. Inscriptions avant le 15\/06\/15 au: &hellip; Continuer la lecture &rarr;","_links":{"self":[{"href":"https:\/\/portailsolidarites.fr\/Amicale\/wp-json\/wp\/v2\/posts\/2692","targetHints":{"allow":["GET"]}}],"collection":[{"href":"https:\/\/portailsolidarites.fr\/Amicale\/wp-json\/wp\/v2\/posts"}],"about":[{"href":"https:\/\/portailsolidarites.fr\/Amicale\/wp-json\/wp\/v2\/types\/post"}],"author":[{"embeddable":true,"href":"https:\/\/portailsolidarites.fr\/Amicale\/wp-json\/wp\/v2\/users\/2"}],"replies":[{"embeddable":true,"href":"https:\/\/portailsolidarites.fr\/Amicale\/wp-json\/wp\/v2\/comments?post=2692"}],"version-history":[{"count":0,"href":"https:\/\/portailsolidarites.fr\/Amicale\/wp-json\/wp\/v2\/posts\/2692\/revisions"}],"wp:attachment":[{"href":"https:\/\/portailsolidarites.fr\/Amicale\/wp-json\/wp\/v2\/media?parent=2692"}],"wp:term":[{"taxonomy":"category","embeddable":true,"href":"https:\/\/portailsolidarites.fr\/Amicale\/wp-json\/wp\/v2\/categories?post=2692"},{"taxonomy":"post_tag","embeddable":true,"href":"https:\/\/portailsolidarites.fr\/Amicale\/wp-json\/wp\/v2\/tags?post=2692"}],"curies":[{"name":"wp","href":"https:\/\/api.w.org\/{rel}","templated":true}]}}