{"id":2746,"date":"2015-11-24T17:09:28","date_gmt":"2015-11-24T15:09:28","guid":{"rendered":"http:\/\/portailsolidarites.fr\/amicalelaiquegrigny\/?p=2746"},"modified":"2015-11-24T17:09:28","modified_gmt":"2015-11-24T15:09:28","slug":"noel-de-enfants-le-16-decembre-2015","status":"publish","type":"post","link":"https:\/\/portailsolidarites.fr\/Amicale\/2015\/11\/24\/noel-de-enfants-le-16-decembre-2015\/","title":{"rendered":"No\u00ebl de Enfants le 16 d\u00e9cembre 2015"},"content":{"rendered":"<p style=\"text-align: center\">Manifestation sp\u00e9cialement pr\u00e9vue pour les enfants de moins de 12 ans adh\u00e9rents \u00e0 l&rsquo;Amicale!<\/p>\n<p><img loading=\"lazy\" decoding=\"async\" class=\"wp-image-2747 aligncenter\" src=\"http:\/\/portailsolidarites.fr\/amicalelaiquegrigny\/files\/2015\/11\/affiche-noel-enfant-2015-jpg.jpg\" alt=\"affiche noel enfant 2015 jpg\" width=\"389\" height=\"551\" \/><\/p>\n","protected":false},"excerpt":{"rendered":"<p>Manifestation sp\u00e9cialement pr\u00e9vue pour les enfants de moins de 12 ans adh\u00e9rents \u00e0 l&rsquo;Amicale!<\/p>\n","protected":false},"author":2,"featured_media":0,"comment_status":"open","ping_status":"open","sticky":false,"template":"","format":"standard","meta":{"_uag_custom_page_level_css":"","footnotes":""},"categories":[2],"tags":[],"class_list":["post-2746","post","type-post","status-publish","format-standard","hentry","category-interet-general"],"uagb_featured_image_src":{"full":false,"thumbnail":false,"medium":false,"medium_large":false,"large":false,"1536x1536":false,"2048x2048":false,"post-thumbnail":false},"uagb_author_info":{"display_name":"amicalelaiquegrigny","author_link":"https:\/\/portailsolidarites.fr\/Amicale\/author\/amicalelaiquegrigny\/"},"uagb_comment_info":0,"uagb_excerpt":"Manifestation sp\u00e9cialement pr\u00e9vue pour les enfants de moins de 12 ans adh\u00e9rents \u00e0 l&rsquo;Amicale!","_links":{"self":[{"href":"https:\/\/portailsolidarites.fr\/Amicale\/wp-json\/wp\/v2\/posts\/2746","targetHints":{"allow":["GET"]}}],"collection":[{"href":"https:\/\/portailsolidarites.fr\/Amicale\/wp-json\/wp\/v2\/posts"}],"about":[{"href":"https:\/\/portailsolidarites.fr\/Amicale\/wp-json\/wp\/v2\/types\/post"}],"author":[{"embeddable":true,"href":"https:\/\/portailsolidarites.fr\/Amicale\/wp-json\/wp\/v2\/users\/2"}],"replies":[{"embeddable":true,"href":"https:\/\/portailsolidarites.fr\/Amicale\/wp-json\/wp\/v2\/comments?post=2746"}],"version-history":[{"count":0,"href":"https:\/\/portailsolidarites.fr\/Amicale\/wp-json\/wp\/v2\/posts\/2746\/revisions"}],"wp:attachment":[{"href":"https:\/\/portailsolidarites.fr\/Amicale\/wp-json\/wp\/v2\/media?parent=2746"}],"wp:term":[{"taxonomy":"category","embeddable":true,"href":"https:\/\/portailsolidarites.fr\/Amicale\/wp-json\/wp\/v2\/categories?post=2746"},{"taxonomy":"post_tag","embeddable":true,"href":"https:\/\/portailsolidarites.fr\/Amicale\/wp-json\/wp\/v2\/tags?post=2746"}],"curies":[{"name":"wp","href":"https:\/\/api.w.org\/{rel}","templated":true}]}}