{"id":2751,"date":"2015-11-26T18:33:28","date_gmt":"2015-11-26T16:33:28","guid":{"rendered":"http:\/\/portailsolidarites.fr\/amicalelaiquegrigny\/?p=2751"},"modified":"2015-11-26T18:33:28","modified_gmt":"2015-11-26T16:33:28","slug":"pedt-arts-plastiques-a-jolio-curie","status":"publish","type":"post","link":"https:\/\/portailsolidarites.fr\/Amicale\/2015\/11\/26\/pedt-arts-plastiques-a-jolio-curie\/","title":{"rendered":"PEDT Arts plastiques \u00e0 Jolio Curie"},"content":{"rendered":"<h3 style=\"text-align: center\"><span style=\"color: #ff0000\">Le Mardi notre animatrice des Arts plastiques enfants,<\/span> <span style=\"color: #ff6600\">encadre un groupe \u00e0 l&rsquo;\u00e9cole Jolio Curie pendant les heures<\/span> <span style=\"color: #008000\">d&rsquo;ateliers de l&rsquo;apr\u00e8s midi. \u00a0Ils ont travaill\u00e9 la technique du<\/span> <span style=\"color: #0000ff\">Quilling qui consiste \u00e0 dessiner uniquement avec du papier<\/span> <span style=\"color: #800080\">positionn\u00e9 sur la tranche et fix\u00e9 avec de la colle blanche et<\/span> <span style=\"color: #ff00ff\">cela pendant trois semaines. Voici le r\u00e9sultat qui est plut\u00f4t<\/span> <span style=\"color: #cc99ff\">chouette!<\/span><\/h3>\n<p><a href=\"http:\/\/portailsolidarites.fr\/amicalelaiquegrigny\/files\/2015\/11\/pedt-art-plastique.jpg\"><img loading=\"lazy\" decoding=\"async\" class=\"aligncenter size-full wp-image-2752\" src=\"http:\/\/portailsolidarites.fr\/amicalelaiquegrigny\/files\/2015\/11\/pedt-art-plastique.jpg\" alt=\"pedt art plastique\" width=\"1654\" height=\"2339\" \/><\/a><\/p>\n","protected":false},"excerpt":{"rendered":"<p>Le Mardi notre animatrice des Arts plastiques enfants, encadre un groupe \u00e0 l&rsquo;\u00e9cole Jolio Curie pendant les heures d&rsquo;ateliers de l&rsquo;apr\u00e8s midi. \u00a0Ils ont travaill\u00e9 la technique du Quilling qui consiste \u00e0 dessiner uniquement avec du papier positionn\u00e9 sur la &hellip; <a href=\"https:\/\/portailsolidarites.fr\/Amicale\/2015\/11\/26\/pedt-arts-plastiques-a-jolio-curie\/\">Continuer la lecture <span class=\"meta-nav\">&rarr;<\/span><\/a><\/p>\n","protected":false},"author":2,"featured_media":0,"comment_status":"open","ping_status":"open","sticky":false,"template":"","format":"standard","meta":{"_uag_custom_page_level_css":"","footnotes":""},"categories":[2],"tags":[],"class_list":["post-2751","post","type-post","status-publish","format-standard","hentry","category-interet-general"],"uagb_featured_image_src":{"full":false,"thumbnail":false,"medium":false,"medium_large":false,"large":false,"1536x1536":false,"2048x2048":false,"post-thumbnail":false},"uagb_author_info":{"display_name":"amicalelaiquegrigny","author_link":"https:\/\/portailsolidarites.fr\/Amicale\/author\/amicalelaiquegrigny\/"},"uagb_comment_info":0,"uagb_excerpt":"Le Mardi notre animatrice des Arts plastiques enfants, encadre un groupe \u00e0 l&rsquo;\u00e9cole Jolio Curie pendant les heures d&rsquo;ateliers de l&rsquo;apr\u00e8s midi. \u00a0Ils ont travaill\u00e9 la technique du Quilling qui consiste \u00e0 dessiner uniquement avec du papier positionn\u00e9 sur la &hellip; Continuer la lecture &rarr;","_links":{"self":[{"href":"https:\/\/portailsolidarites.fr\/Amicale\/wp-json\/wp\/v2\/posts\/2751","targetHints":{"allow":["GET"]}}],"collection":[{"href":"https:\/\/portailsolidarites.fr\/Amicale\/wp-json\/wp\/v2\/posts"}],"about":[{"href":"https:\/\/portailsolidarites.fr\/Amicale\/wp-json\/wp\/v2\/types\/post"}],"author":[{"embeddable":true,"href":"https:\/\/portailsolidarites.fr\/Amicale\/wp-json\/wp\/v2\/users\/2"}],"replies":[{"embeddable":true,"href":"https:\/\/portailsolidarites.fr\/Amicale\/wp-json\/wp\/v2\/comments?post=2751"}],"version-history":[{"count":0,"href":"https:\/\/portailsolidarites.fr\/Amicale\/wp-json\/wp\/v2\/posts\/2751\/revisions"}],"wp:attachment":[{"href":"https:\/\/portailsolidarites.fr\/Amicale\/wp-json\/wp\/v2\/media?parent=2751"}],"wp:term":[{"taxonomy":"category","embeddable":true,"href":"https:\/\/portailsolidarites.fr\/Amicale\/wp-json\/wp\/v2\/categories?post=2751"},{"taxonomy":"post_tag","embeddable":true,"href":"https:\/\/portailsolidarites.fr\/Amicale\/wp-json\/wp\/v2\/tags?post=2751"}],"curies":[{"name":"wp","href":"https:\/\/api.w.org\/{rel}","templated":true}]}}