{"id":2767,"date":"2015-12-17T16:58:41","date_gmt":"2015-12-17T14:58:41","guid":{"rendered":"http:\/\/portailsolidarites.fr\/amicalelaiquegrigny\/?p=2767"},"modified":"2015-12-17T16:58:41","modified_gmt":"2015-12-17T14:58:41","slug":"foulees-de-lile-barlet","status":"publish","type":"post","link":"https:\/\/portailsolidarites.fr\/Amicale\/2015\/12\/17\/foulees-de-lile-barlet\/","title":{"rendered":"Foul\u00e9es de l&rsquo;Ile Barlet"},"content":{"rendered":"<h3 class=\"_209g _2vxa\" style=\"text-align: center\">Ce dimanche 13 d\u00e9cembre ont eu lieu les Foul\u00e9es de l\u2019\u00eele Barlet<br \/>\n\u00e0 Saint Romain en Gal.<\/h3>\n<h3 class=\"_209g _2vxa\" style=\"text-align: center\">Les adh\u00e9rents de notre section jogging ont r\u00e9alis\u00e9<br \/>\n3 excellentes performances sur le circuit de 14 km<br \/>\n(route et sentiers , avec passage dans le site arch\u00e9ologique gallo-romain)<\/h3>\n<h3 class=\"_209g _2vxa\"><span style=\"color: #0000ff\">&#8211; Kiki: 56&rsquo;30, \u00a031\u00e8me\/430 class\u00e9s, \u00a015\u00e8me SEM\/102 \u00a0(14.9 km\/h)<\/span><\/h3>\n<h3 class=\"_209g _2vxa\"><span style=\"color: #0000ff\">&#8211; Christophe: 1h04&rsquo;48, \u00a0158\u00e8me\/430, \u00a045\u00e8me V1M\/109 \u00a0( 12.9 km\/h)<\/span><\/h3>\n<h3 class=\"_209g _2vxa\"><span style=\"color: #0000ff\">&#8211; Alain: 1h07&rsquo;36,\u00a0210\u00e8me\/430, \u00a01er V4M\/4 (12.4 km\/h)<\/span><\/h3>\n<h3 class=\"_209g _2vxa\" style=\"text-align: center\"><span style=\"text-decoration: underline\"><span style=\"color: #ff0000;text-decoration: underline\">Bravo \u00e0 eux!<\/span><\/span><\/h3>\n<p><a href=\"http:\/\/portailsolidarites.fr\/amicalelaiquegrigny\/files\/2015\/12\/Kiki.jpg\" rel=\"attachment wp-att-2773\"><img loading=\"lazy\" decoding=\"async\" class=\"alignleft size-thumbnail wp-image-2773\" src=\"http:\/\/portailsolidarites.fr\/amicalelaiquegrigny\/files\/2015\/12\/Kiki-150x150.jpg\" alt=\"Kiki\" width=\"150\" height=\"150\" \/><\/a>\u00a0<a href=\"http:\/\/portailsolidarites.fr\/amicalelaiquegrigny\/files\/2015\/12\/Christophe.jpg\" rel=\"attachment wp-att-2775\"><img loading=\"lazy\" decoding=\"async\" class=\"alignleft size-thumbnail wp-image-2775\" src=\"http:\/\/portailsolidarites.fr\/amicalelaiquegrigny\/files\/2015\/12\/Christophe-150x150.jpg\" alt=\"Christophe\" width=\"150\" height=\"150\" \/><\/a>\u00a0<a href=\"http:\/\/portailsolidarites.fr\/amicalelaiquegrigny\/files\/2015\/12\/Alain.jpg\" rel=\"attachment wp-att-2774\"><img loading=\"lazy\" decoding=\"async\" class=\"alignleft size-thumbnail wp-image-2774\" src=\"http:\/\/portailsolidarites.fr\/amicalelaiquegrigny\/files\/2015\/12\/Alain-150x150.jpg\" alt=\"Alain\" width=\"150\" height=\"150\" \/><\/a><\/p>\n","protected":false},"excerpt":{"rendered":"<p>Ce dimanche 13 d\u00e9cembre ont eu lieu les Foul\u00e9es de l\u2019\u00eele Barlet \u00e0 Saint Romain en Gal. Les adh\u00e9rents de notre section jogging ont r\u00e9alis\u00e9 3 excellentes performances sur le circuit de 14 km (route et sentiers , avec passage &hellip; <a href=\"https:\/\/portailsolidarites.fr\/Amicale\/2015\/12\/17\/foulees-de-lile-barlet\/\">Continuer la lecture <span class=\"meta-nav\">&rarr;<\/span><\/a><\/p>\n","protected":false},"author":2,"featured_media":0,"comment_status":"open","ping_status":"open","sticky":false,"template":"","format":"standard","meta":{"_uag_custom_page_level_css":"","footnotes":""},"categories":[2,15],"tags":[],"class_list":["post-2767","post","type-post","status-publish","format-standard","hentry","category-interet-general","category-joggijg"],"uagb_featured_image_src":{"full":false,"thumbnail":false,"medium":false,"medium_large":false,"large":false,"1536x1536":false,"2048x2048":false,"post-thumbnail":false},"uagb_author_info":{"display_name":"amicalelaiquegrigny","author_link":"https:\/\/portailsolidarites.fr\/Amicale\/author\/amicalelaiquegrigny\/"},"uagb_comment_info":0,"uagb_excerpt":"Ce dimanche 13 d\u00e9cembre ont eu lieu les Foul\u00e9es de l\u2019\u00eele Barlet \u00e0 Saint Romain en Gal. Les adh\u00e9rents de notre section jogging ont r\u00e9alis\u00e9 3 excellentes performances sur le circuit de 14 km (route et sentiers , avec passage &hellip; Continuer la lecture &rarr;","_links":{"self":[{"href":"https:\/\/portailsolidarites.fr\/Amicale\/wp-json\/wp\/v2\/posts\/2767","targetHints":{"allow":["GET"]}}],"collection":[{"href":"https:\/\/portailsolidarites.fr\/Amicale\/wp-json\/wp\/v2\/posts"}],"about":[{"href":"https:\/\/portailsolidarites.fr\/Amicale\/wp-json\/wp\/v2\/types\/post"}],"author":[{"embeddable":true,"href":"https:\/\/portailsolidarites.fr\/Amicale\/wp-json\/wp\/v2\/users\/2"}],"replies":[{"embeddable":true,"href":"https:\/\/portailsolidarites.fr\/Amicale\/wp-json\/wp\/v2\/comments?post=2767"}],"version-history":[{"count":0,"href":"https:\/\/portailsolidarites.fr\/Amicale\/wp-json\/wp\/v2\/posts\/2767\/revisions"}],"wp:attachment":[{"href":"https:\/\/portailsolidarites.fr\/Amicale\/wp-json\/wp\/v2\/media?parent=2767"}],"wp:term":[{"taxonomy":"category","embeddable":true,"href":"https:\/\/portailsolidarites.fr\/Amicale\/wp-json\/wp\/v2\/categories?post=2767"},{"taxonomy":"post_tag","embeddable":true,"href":"https:\/\/portailsolidarites.fr\/Amicale\/wp-json\/wp\/v2\/tags?post=2767"}],"curies":[{"name":"wp","href":"https:\/\/api.w.org\/{rel}","templated":true}]}}