{"id":2822,"date":"2016-04-25T16:35:26","date_gmt":"2016-04-25T14:35:26","guid":{"rendered":"http:\/\/portailsolidarites.fr\/amicalelaiquegrigny\/?p=2822"},"modified":"2016-04-25T16:35:26","modified_gmt":"2016-04-25T14:35:26","slug":"expo-darts-plastiques-et-dencadrement","status":"publish","type":"post","link":"https:\/\/portailsolidarites.fr\/Amicale\/2016\/04\/25\/expo-darts-plastiques-et-dencadrement\/","title":{"rendered":"Expo d&rsquo;arts plastiques et d&rsquo;encadrement"},"content":{"rendered":"<p><a href=\"http:\/\/portailsolidarites.fr\/amicalelaiquegrigny\/files\/2016\/04\/AFFICHE-EXPO-2016-v2-.jpg\" rel=\"attachment wp-att-2823\"><img loading=\"lazy\" decoding=\"async\" class=\"alignleft size-full wp-image-2823\" src=\"http:\/\/portailsolidarites.fr\/amicalelaiquegrigny\/files\/2016\/04\/AFFICHE-EXPO-2016-v2-.jpg\" alt=\"AFFICHE EXPO 2016 -v2-\" width=\"794\" height=\"1123\" \/><\/a><\/p>\n<p><u>\u00a0<\/u><\/p>\n<h3><strong><span style=\"color: #0000ff\"><u>Pr\u00e9sentation de l&rsquo;exposition:<\/u><\/span><\/strong><\/h3>\n<p>Les artistes de l\u2019Amicale La\u00efque (peintres et encadreuses) pr\u00e9sentent leurs \u0153uvres pour la 24e \u00e9dition de leur exposition, r\u00e9alis\u00e9e en partenariat avec la ville de Grigny.<\/p>\n<p>Cette ann\u00e9e, c\u2019est une invit\u00e9e d\u2019honneur grignerotte de grand talent (\u00e0 d\u00e9couvrir ou red\u00e9couvrir) qui a \u00e9t\u00e9 choisie: Marie-Antoinette MOLIN.<\/p>\n<p>R\u00e9solument figuratives, ses \u0153uvres (personnages, fleurs, natures mortes, \u2026),\u00a0 \u00e0 la peinture \u00e0 l\u2019huile, sont d\u2019un r\u00e9alisme saisissant.<\/p>\n<p>Elle a \u00e9t\u00e9 r\u00e9compens\u00e9e dans diff\u00e9rents salons r\u00e9gionaux\u00a0: Ternay, Vienne, P\u00e9age de Roussillon, Grigny (o\u00f9 elle avait \u00e9t\u00e9 particuli\u00e8rement remarqu\u00e9e par Mick Micheyl).<\/p>\n<p>L\u2019exposition pr\u00e9sente \u00e9galement un groupe de 5 artistes associ\u00e9s, \u00ab\u00a0les Compagnons de l\u2019Art Authentique\u00a0\u00bb\u00a0: Robert MAGAND, sculpteur sur m\u00e9tal, Robert DUPORT, plasticien graveur, Danielle RATEL, peintre sur verre, et 2 peintres de l\u2019Amicale (Jos\u00e9 VANHOUTEGHEM et Alain BOTTONE).<\/p>\n<p>Un \u00ab\u00a0totem\u00a0\u00bb, \u0153uvre commune de ces artistes, r\u00e9alis\u00e9e en l\u2019honneur de Robert\u00a0 MAGAND, sera expos\u00e9.<\/p>\n<p>La section Arts Plastiques Enfants participe \u00e9galement \u00e0 l\u2019exposition.<\/p>\n<p>L\u2019exposition est ouverte au public\u00a0 vendredi\u00a0 20 mai de 14h \u00e0 18h30, et samedi et dimanche de 10h \u00e0 18h30.<\/p>\n<p>Le vernissage aura lieu samedi 21 mai \u00e0 11h30.<\/p>\n<p>&nbsp;<\/p>\n","protected":false},"excerpt":{"rendered":"<p>\u00a0 Pr\u00e9sentation de l&rsquo;exposition: Les artistes de l\u2019Amicale La\u00efque (peintres et encadreuses) pr\u00e9sentent leurs \u0153uvres pour la 24e \u00e9dition de leur exposition, r\u00e9alis\u00e9e en partenariat avec la ville de Grigny. Cette ann\u00e9e, c\u2019est une invit\u00e9e d\u2019honneur grignerotte de grand talent &hellip; <a href=\"https:\/\/portailsolidarites.fr\/Amicale\/2016\/04\/25\/expo-darts-plastiques-et-dencadrement\/\">Continuer la lecture <span class=\"meta-nav\">&rarr;<\/span><\/a><\/p>\n","protected":false},"author":2,"featured_media":0,"comment_status":"open","ping_status":"open","sticky":false,"template":"","format":"standard","meta":{"_uag_custom_page_level_css":"","footnotes":""},"categories":[2,3,9],"tags":[],"class_list":["post-2822","post","type-post","status-publish","format-standard","hentry","category-interet-general","category-arts-plastiques","category-encadrement-dart"],"uagb_featured_image_src":{"full":false,"thumbnail":false,"medium":false,"medium_large":false,"large":false,"1536x1536":false,"2048x2048":false,"post-thumbnail":false},"uagb_author_info":{"display_name":"amicalelaiquegrigny","author_link":"https:\/\/portailsolidarites.fr\/Amicale\/author\/amicalelaiquegrigny\/"},"uagb_comment_info":0,"uagb_excerpt":"\u00a0 Pr\u00e9sentation de l&rsquo;exposition: Les artistes de l\u2019Amicale La\u00efque (peintres et encadreuses) pr\u00e9sentent leurs \u0153uvres pour la 24e \u00e9dition de leur exposition, r\u00e9alis\u00e9e en partenariat avec la ville de Grigny. Cette ann\u00e9e, c\u2019est une invit\u00e9e d\u2019honneur grignerotte de grand talent &hellip; Continuer la lecture &rarr;","_links":{"self":[{"href":"https:\/\/portailsolidarites.fr\/Amicale\/wp-json\/wp\/v2\/posts\/2822","targetHints":{"allow":["GET"]}}],"collection":[{"href":"https:\/\/portailsolidarites.fr\/Amicale\/wp-json\/wp\/v2\/posts"}],"about":[{"href":"https:\/\/portailsolidarites.fr\/Amicale\/wp-json\/wp\/v2\/types\/post"}],"author":[{"embeddable":true,"href":"https:\/\/portailsolidarites.fr\/Amicale\/wp-json\/wp\/v2\/users\/2"}],"replies":[{"embeddable":true,"href":"https:\/\/portailsolidarites.fr\/Amicale\/wp-json\/wp\/v2\/comments?post=2822"}],"version-history":[{"count":0,"href":"https:\/\/portailsolidarites.fr\/Amicale\/wp-json\/wp\/v2\/posts\/2822\/revisions"}],"wp:attachment":[{"href":"https:\/\/portailsolidarites.fr\/Amicale\/wp-json\/wp\/v2\/media?parent=2822"}],"wp:term":[{"taxonomy":"category","embeddable":true,"href":"https:\/\/portailsolidarites.fr\/Amicale\/wp-json\/wp\/v2\/categories?post=2822"},{"taxonomy":"post_tag","embeddable":true,"href":"https:\/\/portailsolidarites.fr\/Amicale\/wp-json\/wp\/v2\/tags?post=2822"}],"curies":[{"name":"wp","href":"https:\/\/api.w.org\/{rel}","templated":true}]}}