{"id":2853,"date":"2016-06-08T17:50:18","date_gmt":"2016-06-08T15:50:18","guid":{"rendered":"http:\/\/portailsolidarites.fr\/amicalelaiquegrigny\/?p=2853"},"modified":"2016-06-08T17:50:18","modified_gmt":"2016-06-08T15:50:18","slug":"2853","status":"publish","type":"post","link":"https:\/\/portailsolidarites.fr\/Amicale\/2016\/06\/08\/2853\/","title":{"rendered":"Repr\u00e9sentation th\u00e9\u00e2trale 2 et 3 juillet \u00e0 Givors"},"content":{"rendered":"<p>ale<a href=\"http:\/\/portailsolidarites.fr\/amicalelaiquegrigny\/files\/2016\/06\/AFFICHE-2.jpg\" rel=\"attachment wp-att-2854\"><img loading=\"lazy\" decoding=\"async\" class=\"alignleft size-full wp-image-2854\" src=\"http:\/\/portailsolidarites.fr\/amicalelaiquegrigny\/files\/2016\/06\/AFFICHE-2.jpg\" alt=\"AFFICHE 2\" width=\"595\" height=\"842\" \/><\/a><\/p>\n","protected":false},"excerpt":{"rendered":"<p>ale<\/p>\n","protected":false},"author":2,"featured_media":0,"comment_status":"open","ping_status":"open","sticky":false,"template":"","format":"standard","meta":{"_uag_custom_page_level_css":"","footnotes":""},"categories":[2],"tags":[],"class_list":["post-2853","post","type-post","status-publish","format-standard","hentry","category-interet-general"],"uagb_featured_image_src":{"full":false,"thumbnail":false,"medium":false,"medium_large":false,"large":false,"1536x1536":false,"2048x2048":false,"post-thumbnail":false},"uagb_author_info":{"display_name":"amicalelaiquegrigny","author_link":"https:\/\/portailsolidarites.fr\/Amicale\/author\/amicalelaiquegrigny\/"},"uagb_comment_info":0,"uagb_excerpt":"ale","_links":{"self":[{"href":"https:\/\/portailsolidarites.fr\/Amicale\/wp-json\/wp\/v2\/posts\/2853","targetHints":{"allow":["GET"]}}],"collection":[{"href":"https:\/\/portailsolidarites.fr\/Amicale\/wp-json\/wp\/v2\/posts"}],"about":[{"href":"https:\/\/portailsolidarites.fr\/Amicale\/wp-json\/wp\/v2\/types\/post"}],"author":[{"embeddable":true,"href":"https:\/\/portailsolidarites.fr\/Amicale\/wp-json\/wp\/v2\/users\/2"}],"replies":[{"embeddable":true,"href":"https:\/\/portailsolidarites.fr\/Amicale\/wp-json\/wp\/v2\/comments?post=2853"}],"version-history":[{"count":0,"href":"https:\/\/portailsolidarites.fr\/Amicale\/wp-json\/wp\/v2\/posts\/2853\/revisions"}],"wp:attachment":[{"href":"https:\/\/portailsolidarites.fr\/Amicale\/wp-json\/wp\/v2\/media?parent=2853"}],"wp:term":[{"taxonomy":"category","embeddable":true,"href":"https:\/\/portailsolidarites.fr\/Amicale\/wp-json\/wp\/v2\/categories?post=2853"},{"taxonomy":"post_tag","embeddable":true,"href":"https:\/\/portailsolidarites.fr\/Amicale\/wp-json\/wp\/v2\/tags?post=2853"}],"curies":[{"name":"wp","href":"https:\/\/api.w.org\/{rel}","templated":true}]}}