{"id":2868,"date":"2016-07-05T15:20:21","date_gmt":"2016-07-05T13:20:21","guid":{"rendered":"http:\/\/portailsolidarites.fr\/amicalelaiquegrigny\/?p=2868"},"modified":"2016-07-05T15:20:21","modified_gmt":"2016-07-05T13:20:21","slug":"representation-theatrale-des-2-et-3-juillet-2016","status":"publish","type":"post","link":"https:\/\/portailsolidarites.fr\/Amicale\/2016\/07\/05\/representation-theatrale-des-2-et-3-juillet-2016\/","title":{"rendered":"Repr\u00e9sentation th\u00e9\u00e2trale des 2 et 3 juillet 2016"},"content":{"rendered":"<div class=\"\">\n<h3 class=\"_1mf _1mj\" style=\"text-align: center\"><span style=\"color: #ff0000\">Un grand succ\u00e8s pour nos merveilleux acteurs amateurs ce week-end. La repr\u00e9sentation se d\u00e9roulant au Moulin Madiba de Givors cette ann\u00e9e a \u00e9t\u00e9 tr\u00e8s appr\u00e9ci\u00e9 par les spectateurs venus nombreux pour les encourager!<\/span><\/h3>\n<\/div>\n<h3 class=\"_1mf _1mj\" style=\"text-align: center\"><span style=\"color: #339966\">\u00ab\u00a0Q&rsquo;importe le flocon\u00a0\u00bb d&rsquo;Anny DAPREY, mis en Sc\u00e8ne par ROUAST Jean Eric a permis \u00e0 nos acteurs d&rsquo;exprimer le meilleur d&rsquo;eux m\u00eame!<\/span><\/h3>\n<div class=\"\">\n<h3 class=\"_1mf _1mj\" style=\"text-align: center\"><span style=\"color: #000000\">On vous donnera tr\u00e8s bient\u00f4t rendez-vous pour une autre repr\u00e9sentation \u00e0 ne pas rater bien s\u00fbr&#8230;<\/span><\/h3>\n<p><a href=\"http:\/\/portailsolidarites.fr\/amicalelaiquegrigny\/files\/2016\/07\/P1100458bis.jpg\" rel=\"attachment wp-att-2869\"><img loading=\"lazy\" decoding=\"async\" class=\"alignleft size-full wp-image-2869\" src=\"http:\/\/portailsolidarites.fr\/amicalelaiquegrigny\/files\/2016\/07\/P1100458bis.jpg\" alt=\"P1100458bis\" width=\"2336\" height=\"1261\" \/><\/a><\/p>\n<\/div>\n","protected":false},"excerpt":{"rendered":"<p>Un grand succ\u00e8s pour nos merveilleux acteurs amateurs ce week-end. La repr\u00e9sentation se d\u00e9roulant au Moulin Madiba de Givors cette ann\u00e9e a \u00e9t\u00e9 tr\u00e8s appr\u00e9ci\u00e9 par les spectateurs venus nombreux pour les encourager! \u00ab\u00a0Q&rsquo;importe le flocon\u00a0\u00bb d&rsquo;Anny DAPREY, mis en &hellip; <a href=\"https:\/\/portailsolidarites.fr\/Amicale\/2016\/07\/05\/representation-theatrale-des-2-et-3-juillet-2016\/\">Continuer la lecture <span class=\"meta-nav\">&rarr;<\/span><\/a><\/p>\n","protected":false},"author":2,"featured_media":0,"comment_status":"open","ping_status":"open","sticky":false,"template":"","format":"standard","meta":{"_uag_custom_page_level_css":"","footnotes":""},"categories":[2],"tags":[],"class_list":["post-2868","post","type-post","status-publish","format-standard","hentry","category-interet-general"],"uagb_featured_image_src":{"full":false,"thumbnail":false,"medium":false,"medium_large":false,"large":false,"1536x1536":false,"2048x2048":false,"post-thumbnail":false},"uagb_author_info":{"display_name":"amicalelaiquegrigny","author_link":"https:\/\/portailsolidarites.fr\/Amicale\/author\/amicalelaiquegrigny\/"},"uagb_comment_info":0,"uagb_excerpt":"Un grand succ\u00e8s pour nos merveilleux acteurs amateurs ce week-end. La repr\u00e9sentation se d\u00e9roulant au Moulin Madiba de Givors cette ann\u00e9e a \u00e9t\u00e9 tr\u00e8s appr\u00e9ci\u00e9 par les spectateurs venus nombreux pour les encourager! \u00ab\u00a0Q&rsquo;importe le flocon\u00a0\u00bb d&rsquo;Anny DAPREY, mis en &hellip; Continuer la lecture &rarr;","_links":{"self":[{"href":"https:\/\/portailsolidarites.fr\/Amicale\/wp-json\/wp\/v2\/posts\/2868","targetHints":{"allow":["GET"]}}],"collection":[{"href":"https:\/\/portailsolidarites.fr\/Amicale\/wp-json\/wp\/v2\/posts"}],"about":[{"href":"https:\/\/portailsolidarites.fr\/Amicale\/wp-json\/wp\/v2\/types\/post"}],"author":[{"embeddable":true,"href":"https:\/\/portailsolidarites.fr\/Amicale\/wp-json\/wp\/v2\/users\/2"}],"replies":[{"embeddable":true,"href":"https:\/\/portailsolidarites.fr\/Amicale\/wp-json\/wp\/v2\/comments?post=2868"}],"version-history":[{"count":0,"href":"https:\/\/portailsolidarites.fr\/Amicale\/wp-json\/wp\/v2\/posts\/2868\/revisions"}],"wp:attachment":[{"href":"https:\/\/portailsolidarites.fr\/Amicale\/wp-json\/wp\/v2\/media?parent=2868"}],"wp:term":[{"taxonomy":"category","embeddable":true,"href":"https:\/\/portailsolidarites.fr\/Amicale\/wp-json\/wp\/v2\/categories?post=2868"},{"taxonomy":"post_tag","embeddable":true,"href":"https:\/\/portailsolidarites.fr\/Amicale\/wp-json\/wp\/v2\/tags?post=2868"}],"curies":[{"name":"wp","href":"https:\/\/api.w.org\/{rel}","templated":true}]}}