{"id":2941,"date":"2016-12-11T20:31:02","date_gmt":"2016-12-11T18:31:02","guid":{"rendered":"http:\/\/portailsolidarites.fr\/amicalelaiquegrigny\/?p=2941"},"modified":"2016-12-11T20:31:02","modified_gmt":"2016-12-11T18:31:02","slug":"notre-association-a-dimportants-problemes-de-tresorerie","status":"publish","type":"post","link":"https:\/\/portailsolidarites.fr\/Amicale\/2016\/12\/11\/notre-association-a-dimportants-problemes-de-tresorerie\/","title":{"rendered":"Notre association a d&rsquo;importants probl\u00e8mes de tr\u00e9sorerie"},"content":{"rendered":"<p>APPEL A DONS<\/p>\n<p>L&rsquo;Amicale La\u00efque de Grigny va mal.<\/p>\n<p>De gros probl\u00e8mes de tr\u00e9sorerie nous obligent \u00e0 vous appeler au<span class=\"text_exposed_show\"> secours (Voir ci-dessous l&rsquo;article du journal Le Progr\u00e8s du 10 d\u00e9cembre 2016).<\/span><\/p>\n<div class=\"text_exposed_show\">\n<p>L&rsquo;Amicale La\u00efque est une institution \u00e0 Grigny avec actuellement environ 350 adh\u00e9rents dans diverses sections (sportives, culturelles ou de loisirs), dont beaucoup d&rsquo;enfants.<\/p>\n<p>C&rsquo;est aussi de nombreux b\u00e9n\u00e9voles disponibles pour assurer les animations des sections (ce qui permet de pratiquer des cotisations peu on\u00e9reuses) et les manifestations qui participent \u00e0 la vie de notre ville et vous font passer de bons moments.<\/p>\n<p>SI L&rsquo;AMICALE VENAIT A DISPARA\u00ceTRE, C&rsquo;EST QUASIMENT 100 ANS D&rsquo;HISTOIRE A GRIGNY QUI S&rsquo;EN IRAIENT AVEC !!!!<\/p>\n<p>Nous avons besoin de vous ! AIDEZ NOUS !!!<\/p>\n<h2>Voir \u00a0<a href=\"http:\/\/portailsolidarites.fr\/amicalelaiquegrigny\/files\/2016\/12\/COURRIER-DON-pdf.pdf\" rel=\"\">lettre d&rsquo;appel \u00e0 don<\/a><\/h2>\n<div id=\"attachment_2945\" style=\"width: 650px\" class=\"wp-caption aligncenter\"><a href=\"http:\/\/portailsolidarites.fr\/amicalelaiquegrigny\/files\/2016\/12\/Le-Progr\u00e8s-10-d\u00e9cembre-2016.jpg\" rel=\"attachment wp-att-2945\"><img loading=\"lazy\" decoding=\"async\" aria-describedby=\"caption-attachment-2945\" class=\"size-full wp-image-2945\" src=\"http:\/\/portailsolidarites.fr\/amicalelaiquegrigny\/files\/2016\/12\/Le-Progr\u00e8s-10-d\u00e9cembre-2016.jpg\" alt=\"Le Progr\u00e8s 10 d\u00e9cembre 23016\" width=\"640\" height=\"509\" \/><\/a><p id=\"caption-attachment-2945\" class=\"wp-caption-text\">Le Progr\u00e8s 10 d\u00e9cembre 2016<\/p><\/div>\n<p>&nbsp;<\/p>\n<\/div>\n","protected":false},"excerpt":{"rendered":"<p>APPEL A DONS L&rsquo;Amicale La\u00efque de Grigny va mal. De gros probl\u00e8mes de tr\u00e9sorerie nous obligent \u00e0 vous appeler au secours (Voir ci-dessous l&rsquo;article du journal Le Progr\u00e8s du 10 d\u00e9cembre 2016). L&rsquo;Amicale La\u00efque est une institution \u00e0 Grigny avec &hellip; <a href=\"https:\/\/portailsolidarites.fr\/Amicale\/2016\/12\/11\/notre-association-a-dimportants-problemes-de-tresorerie\/\">Continuer la lecture <span class=\"meta-nav\">&rarr;<\/span><\/a><\/p>\n","protected":false},"author":2,"featured_media":0,"comment_status":"open","ping_status":"open","sticky":false,"template":"","format":"standard","meta":{"_uag_custom_page_level_css":"","footnotes":""},"categories":[2],"tags":[],"class_list":["post-2941","post","type-post","status-publish","format-standard","hentry","category-interet-general"],"uagb_featured_image_src":{"full":false,"thumbnail":false,"medium":false,"medium_large":false,"large":false,"1536x1536":false,"2048x2048":false,"post-thumbnail":false},"uagb_author_info":{"display_name":"amicalelaiquegrigny","author_link":"https:\/\/portailsolidarites.fr\/Amicale\/author\/amicalelaiquegrigny\/"},"uagb_comment_info":0,"uagb_excerpt":"APPEL A DONS L&rsquo;Amicale La\u00efque de Grigny va mal. De gros probl\u00e8mes de tr\u00e9sorerie nous obligent \u00e0 vous appeler au secours (Voir ci-dessous l&rsquo;article du journal Le Progr\u00e8s du 10 d\u00e9cembre 2016). L&rsquo;Amicale La\u00efque est une institution \u00e0 Grigny avec &hellip; Continuer la lecture &rarr;","_links":{"self":[{"href":"https:\/\/portailsolidarites.fr\/Amicale\/wp-json\/wp\/v2\/posts\/2941","targetHints":{"allow":["GET"]}}],"collection":[{"href":"https:\/\/portailsolidarites.fr\/Amicale\/wp-json\/wp\/v2\/posts"}],"about":[{"href":"https:\/\/portailsolidarites.fr\/Amicale\/wp-json\/wp\/v2\/types\/post"}],"author":[{"embeddable":true,"href":"https:\/\/portailsolidarites.fr\/Amicale\/wp-json\/wp\/v2\/users\/2"}],"replies":[{"embeddable":true,"href":"https:\/\/portailsolidarites.fr\/Amicale\/wp-json\/wp\/v2\/comments?post=2941"}],"version-history":[{"count":0,"href":"https:\/\/portailsolidarites.fr\/Amicale\/wp-json\/wp\/v2\/posts\/2941\/revisions"}],"wp:attachment":[{"href":"https:\/\/portailsolidarites.fr\/Amicale\/wp-json\/wp\/v2\/media?parent=2941"}],"wp:term":[{"taxonomy":"category","embeddable":true,"href":"https:\/\/portailsolidarites.fr\/Amicale\/wp-json\/wp\/v2\/categories?post=2941"},{"taxonomy":"post_tag","embeddable":true,"href":"https:\/\/portailsolidarites.fr\/Amicale\/wp-json\/wp\/v2\/tags?post=2941"}],"curies":[{"name":"wp","href":"https:\/\/api.w.org\/{rel}","templated":true}]}}