{"id":2958,"date":"2017-01-04T14:47:50","date_gmt":"2017-01-04T12:47:50","guid":{"rendered":"http:\/\/portailsolidarites.fr\/amicalelaiquegrigny\/?p=2958"},"modified":"2017-01-04T14:47:50","modified_gmt":"2017-01-04T12:47:50","slug":"assemblee-generale-extraordinaire-samedi-21-janvier-2017-a-10h","status":"publish","type":"post","link":"https:\/\/portailsolidarites.fr\/Amicale\/2017\/01\/04\/assemblee-generale-extraordinaire-samedi-21-janvier-2017-a-10h\/","title":{"rendered":"Assembl\u00e9e g\u00e9n\u00e9rale extraordinaire samedi 21 janvier 2017 \u00e0 10H"},"content":{"rendered":"<div id=\"attachment_2959\" style=\"width: 801px\" class=\"wp-caption aligncenter\"><a href=\"http:\/\/portailsolidarites.fr\/amicalelaiquegrigny\/files\/2017\/01\/Convocation-AG-extraordinaire-21-janvier-2017.png\" rel=\"attachment wp-att-2959\"><img loading=\"lazy\" decoding=\"async\" aria-describedby=\"caption-attachment-2959\" class=\"size-full wp-image-2959\" src=\"http:\/\/portailsolidarites.fr\/amicalelaiquegrigny\/files\/2017\/01\/Convocation-AG-extraordinaire-21-janvier-2017.png\" alt=\"Convocation AG extraordinaire 21 janvier 2017\" width=\"791\" height=\"459\" \/><\/a><p id=\"caption-attachment-2959\" class=\"wp-caption-text\">Convocation AG extraordinaire 21 janvier 2017<\/p><\/div>\n","protected":false},"excerpt":{"rendered":"","protected":false},"author":2,"featured_media":0,"comment_status":"open","ping_status":"open","sticky":false,"template":"","format":"standard","meta":{"_uag_custom_page_level_css":"","footnotes":""},"categories":[2],"tags":[],"class_list":["post-2958","post","type-post","status-publish","format-standard","hentry","category-interet-general"],"uagb_featured_image_src":{"full":false,"thumbnail":false,"medium":false,"medium_large":false,"large":false,"1536x1536":false,"2048x2048":false,"post-thumbnail":false},"uagb_author_info":{"display_name":"amicalelaiquegrigny","author_link":"https:\/\/portailsolidarites.fr\/Amicale\/author\/amicalelaiquegrigny\/"},"uagb_comment_info":0,"uagb_excerpt":null,"_links":{"self":[{"href":"https:\/\/portailsolidarites.fr\/Amicale\/wp-json\/wp\/v2\/posts\/2958","targetHints":{"allow":["GET"]}}],"collection":[{"href":"https:\/\/portailsolidarites.fr\/Amicale\/wp-json\/wp\/v2\/posts"}],"about":[{"href":"https:\/\/portailsolidarites.fr\/Amicale\/wp-json\/wp\/v2\/types\/post"}],"author":[{"embeddable":true,"href":"https:\/\/portailsolidarites.fr\/Amicale\/wp-json\/wp\/v2\/users\/2"}],"replies":[{"embeddable":true,"href":"https:\/\/portailsolidarites.fr\/Amicale\/wp-json\/wp\/v2\/comments?post=2958"}],"version-history":[{"count":0,"href":"https:\/\/portailsolidarites.fr\/Amicale\/wp-json\/wp\/v2\/posts\/2958\/revisions"}],"wp:attachment":[{"href":"https:\/\/portailsolidarites.fr\/Amicale\/wp-json\/wp\/v2\/media?parent=2958"}],"wp:term":[{"taxonomy":"category","embeddable":true,"href":"https:\/\/portailsolidarites.fr\/Amicale\/wp-json\/wp\/v2\/categories?post=2958"},{"taxonomy":"post_tag","embeddable":true,"href":"https:\/\/portailsolidarites.fr\/Amicale\/wp-json\/wp\/v2\/tags?post=2958"}],"curies":[{"name":"wp","href":"https:\/\/api.w.org\/{rel}","templated":true}]}}