{"id":2991,"date":"2017-02-02T12:25:45","date_gmt":"2017-02-02T10:25:45","guid":{"rendered":"http:\/\/portailsolidarites.fr\/amicalelaiquegrigny\/?p=2991"},"modified":"2017-02-02T12:25:45","modified_gmt":"2017-02-02T10:25:45","slug":"bourse-aux-mineraux-11-et-12-mars-2017","status":"publish","type":"post","link":"https:\/\/portailsolidarites.fr\/Amicale\/2017\/02\/02\/bourse-aux-mineraux-11-et-12-mars-2017\/","title":{"rendered":"Bourse aux min\u00e9raux 11 et 12 mars 2017"},"content":{"rendered":"<p><!-- @page { margin: 2cm } H3 { margin-top: 0.35cm; margin-bottom: 0cm; color: #4f81bd; page-break-inside: avoid } H3.western { font-family: \"Cambria\", serif; font-size: 12pt } H3.cjk { font-family: \"Lucida Sans Unicode\"; font-size: 12pt } H3.ctl { font-family: ; font-size: 12pt } P { margin-bottom: 0.21cm } --><\/p>\n<p><a href=\"http:\/\/portailsolidarites.fr\/amicalelaiquegrigny\/files\/2017\/02\/affiche-bourse-2017.jpg\"><img loading=\"lazy\" decoding=\"async\" class=\"aligncenter size-full wp-image-2995\" src=\"http:\/\/portailsolidarites.fr\/amicalelaiquegrigny\/files\/2017\/02\/affiche-bourse-2017.jpg\" alt=\"\" width=\"453\" height=\"640\" \/><\/a><\/p>\n<p>La 35<sup>\u00e8me<\/sup> \u00e9dition de la Bourse \u2013 Exposition des Min\u00e9raux et Fossiles de Grigny (69520) \u2013 organis\u00e9e par les b\u00e9n\u00e9voles de l\u2019Amicale La\u00efque de Grigny, en partenariat avec la Municipalit\u00e9, aura lieu cette ann\u00e9e<strong> les 11 et 12 mars 2017<br \/>\nau centre Brenot, \u00e0 Grigny<\/strong>.<\/p>\n<p>Environ 25 exposants proposeront des min\u00e9raux et fossiles du monde entier.<\/p>\n<p>La section min\u00e9raux de l\u2019Amicale, pr\u00e9sentera une exposition sur le th\u00e8me\u00a0:<br \/>\n<span style=\"color: #00000a\"><strong>\u00ab\u00a0Les Min\u00e9raux racontent les Alpes \u00a0\u00bb<\/strong>,<\/span><span style=\"color: #00000a\"> illustr\u00e9e par des \u00e9chantillons des filons m\u00e9tallif\u00e8res, des fentes alpines, et t\u00e9moins du m\u00e9tamorphisme des Alpes.<\/span><\/p>\n<p><strong>Un atelier de micromin\u00e9ralogie<\/strong>, organis\u00e9 en collaboration avec l\u2019Association Fran\u00e7aise demicromin\u00e9ralogie, permettra aux curieux d\u2019observer des micromin\u00e9raux \u00e0 la loupe binoculaire.<\/p>\n<p><b>Horaires d\u2019ouverture au public<\/b>\u00a0:<br \/>\n<b>Samedi:<\/b> 9 h 30 \u2013 19 h\u00a0\u00a0\u00a0\u00a0\u00a0 <b>Dimanche:<\/b> 9 h 30 \u2013 18 h<br \/>\n<b>Tarifs :<\/b> Adultes 3 \u20ac\u00a0\u00a0 &#8211; 6 \u00e0 14 ans 1 \u20ac \u00a0\u00a0 &#8211; &lt; 6 ans gratuit.<\/p>\n<p><b>R\u00e9f\u00e9rent\u00a0:<\/b> Jean Pierre Laverge t\u00e9l\u00a0: 04 74 78 07 20<\/p>\n","protected":false},"excerpt":{"rendered":"<p>La 35\u00e8me \u00e9dition de la Bourse \u2013 Exposition des Min\u00e9raux et Fossiles de Grigny (69520) \u2013 organis\u00e9e par les b\u00e9n\u00e9voles de l\u2019Amicale La\u00efque de Grigny, en partenariat avec la Municipalit\u00e9, aura lieu cette ann\u00e9e les 11 et 12 mars 2017 &hellip; <a href=\"https:\/\/portailsolidarites.fr\/Amicale\/2017\/02\/02\/bourse-aux-mineraux-11-et-12-mars-2017\/\">Continuer la lecture <span class=\"meta-nav\">&rarr;<\/span><\/a><\/p>\n","protected":false},"author":2,"featured_media":0,"comment_status":"open","ping_status":"open","sticky":false,"template":"","format":"standard","meta":{"_uag_custom_page_level_css":"","footnotes":""},"categories":[2,17],"tags":[34,60,78],"class_list":["post-2991","post","type-post","status-publish","format-standard","hentry","category-interet-general","category-mineralogie","tag-bourse","tag-exposition","tag-mineraux"],"uagb_featured_image_src":{"full":false,"thumbnail":false,"medium":false,"medium_large":false,"large":false,"1536x1536":false,"2048x2048":false,"post-thumbnail":false},"uagb_author_info":{"display_name":"amicalelaiquegrigny","author_link":"https:\/\/portailsolidarites.fr\/Amicale\/author\/amicalelaiquegrigny\/"},"uagb_comment_info":0,"uagb_excerpt":"La 35\u00e8me \u00e9dition de la Bourse \u2013 Exposition des Min\u00e9raux et Fossiles de Grigny (69520) \u2013 organis\u00e9e par les b\u00e9n\u00e9voles de l\u2019Amicale La\u00efque de Grigny, en partenariat avec la Municipalit\u00e9, aura lieu cette ann\u00e9e les 11 et 12 mars 2017 &hellip; Continuer la lecture &rarr;","_links":{"self":[{"href":"https:\/\/portailsolidarites.fr\/Amicale\/wp-json\/wp\/v2\/posts\/2991","targetHints":{"allow":["GET"]}}],"collection":[{"href":"https:\/\/portailsolidarites.fr\/Amicale\/wp-json\/wp\/v2\/posts"}],"about":[{"href":"https:\/\/portailsolidarites.fr\/Amicale\/wp-json\/wp\/v2\/types\/post"}],"author":[{"embeddable":true,"href":"https:\/\/portailsolidarites.fr\/Amicale\/wp-json\/wp\/v2\/users\/2"}],"replies":[{"embeddable":true,"href":"https:\/\/portailsolidarites.fr\/Amicale\/wp-json\/wp\/v2\/comments?post=2991"}],"version-history":[{"count":0,"href":"https:\/\/portailsolidarites.fr\/Amicale\/wp-json\/wp\/v2\/posts\/2991\/revisions"}],"wp:attachment":[{"href":"https:\/\/portailsolidarites.fr\/Amicale\/wp-json\/wp\/v2\/media?parent=2991"}],"wp:term":[{"taxonomy":"category","embeddable":true,"href":"https:\/\/portailsolidarites.fr\/Amicale\/wp-json\/wp\/v2\/categories?post=2991"},{"taxonomy":"post_tag","embeddable":true,"href":"https:\/\/portailsolidarites.fr\/Amicale\/wp-json\/wp\/v2\/tags?post=2991"}],"curies":[{"name":"wp","href":"https:\/\/api.w.org\/{rel}","templated":true}]}}