{"id":3000,"date":"2017-02-02T15:44:50","date_gmt":"2017-02-02T13:44:50","guid":{"rendered":"http:\/\/portailsolidarites.fr\/amicalelaiquegrigny\/?p=3000"},"modified":"2017-02-02T15:44:50","modified_gmt":"2017-02-02T13:44:50","slug":"arlette-tissot-nous-a-quittes","status":"publish","type":"post","link":"https:\/\/portailsolidarites.fr\/Amicale\/2017\/02\/02\/arlette-tissot-nous-a-quittes\/","title":{"rendered":"Annette TISSOT nous a quitt\u00e9s"},"content":{"rendered":"<p>Annette TISSOT \u00e9tait une figure de l&rsquo;Amicale La\u00efque qu&rsquo;elle a toujours d\u00e9fendue avec passion. Elle a largement contribu\u00e9 \u00e0 la r\u00e9ussite des Bourses aux min\u00e9raux dont elle est l&rsquo;une des cr\u00e9atrices.<\/p>\n<p>Ci-dessous l&rsquo;article du Progr\u00e8s r\u00e9sumant son parcours:<\/p>\n<p><a href=\"http:\/\/portailsolidarites.fr\/amicalelaiquegrigny\/files\/2017\/02\/Le-Progr\u00e8s-Annette-Tissot.jpg\"><img loading=\"lazy\" decoding=\"async\" class=\"aligncenter size-large wp-image-3001\" src=\"http:\/\/portailsolidarites.fr\/amicalelaiquegrigny\/files\/2017\/02\/Le-Progr\u00e8s-Annette-Tissot-1024x816.jpg\" alt=\"\" width=\"640\" height=\"510\" \/><\/a><\/p>\n<p>&nbsp;<\/p>\n<p>&nbsp;<\/p>\n","protected":false},"excerpt":{"rendered":"<p>Annette TISSOT \u00e9tait une figure de l&rsquo;Amicale La\u00efque qu&rsquo;elle a toujours d\u00e9fendue avec passion. Elle a largement contribu\u00e9 \u00e0 la r\u00e9ussite des Bourses aux min\u00e9raux dont elle est l&rsquo;une des cr\u00e9atrices. Ci-dessous l&rsquo;article du Progr\u00e8s r\u00e9sumant son parcours: &nbsp; &nbsp;<\/p>\n","protected":false},"author":2,"featured_media":0,"comment_status":"open","ping_status":"open","sticky":false,"template":"","format":"standard","meta":{"_uag_custom_page_level_css":"","footnotes":""},"categories":[2,16,17],"tags":[],"class_list":["post-3000","post","type-post","status-publish","format-standard","hentry","category-interet-general","category-memoire","category-mineralogie"],"uagb_featured_image_src":{"full":false,"thumbnail":false,"medium":false,"medium_large":false,"large":false,"1536x1536":false,"2048x2048":false,"post-thumbnail":false},"uagb_author_info":{"display_name":"amicalelaiquegrigny","author_link":"https:\/\/portailsolidarites.fr\/Amicale\/author\/amicalelaiquegrigny\/"},"uagb_comment_info":0,"uagb_excerpt":"Annette TISSOT \u00e9tait une figure de l&rsquo;Amicale La\u00efque qu&rsquo;elle a toujours d\u00e9fendue avec passion. Elle a largement contribu\u00e9 \u00e0 la r\u00e9ussite des Bourses aux min\u00e9raux dont elle est l&rsquo;une des cr\u00e9atrices. Ci-dessous l&rsquo;article du Progr\u00e8s r\u00e9sumant son parcours: &nbsp; &nbsp;","_links":{"self":[{"href":"https:\/\/portailsolidarites.fr\/Amicale\/wp-json\/wp\/v2\/posts\/3000","targetHints":{"allow":["GET"]}}],"collection":[{"href":"https:\/\/portailsolidarites.fr\/Amicale\/wp-json\/wp\/v2\/posts"}],"about":[{"href":"https:\/\/portailsolidarites.fr\/Amicale\/wp-json\/wp\/v2\/types\/post"}],"author":[{"embeddable":true,"href":"https:\/\/portailsolidarites.fr\/Amicale\/wp-json\/wp\/v2\/users\/2"}],"replies":[{"embeddable":true,"href":"https:\/\/portailsolidarites.fr\/Amicale\/wp-json\/wp\/v2\/comments?post=3000"}],"version-history":[{"count":0,"href":"https:\/\/portailsolidarites.fr\/Amicale\/wp-json\/wp\/v2\/posts\/3000\/revisions"}],"wp:attachment":[{"href":"https:\/\/portailsolidarites.fr\/Amicale\/wp-json\/wp\/v2\/media?parent=3000"}],"wp:term":[{"taxonomy":"category","embeddable":true,"href":"https:\/\/portailsolidarites.fr\/Amicale\/wp-json\/wp\/v2\/categories?post=3000"},{"taxonomy":"post_tag","embeddable":true,"href":"https:\/\/portailsolidarites.fr\/Amicale\/wp-json\/wp\/v2\/tags?post=3000"}],"curies":[{"name":"wp","href":"https:\/\/api.w.org\/{rel}","templated":true}]}}