{"id":3047,"date":"2017-03-30T11:36:49","date_gmt":"2017-03-30T09:36:49","guid":{"rendered":"http:\/\/portailsolidarites.fr\/amicalelaiquegrigny\/?p=3047"},"modified":"2017-03-30T11:36:49","modified_gmt":"2017-03-30T09:36:49","slug":"randonnee-pedestre-lundi-8-mai-2017","status":"publish","type":"post","link":"https:\/\/portailsolidarites.fr\/Amicale\/2017\/03\/30\/randonnee-pedestre-lundi-8-mai-2017\/","title":{"rendered":"Randonn\u00e9e p\u00e9destre  lundi 8 mai 2017"},"content":{"rendered":"<p>L&rsquo;Amicale La\u00efque organise une super randonn\u00e9e p\u00e9destre, avec 3 circuits adapt\u00e9s au plus grand nombre:<br \/>\n&#8211; 8 km, pour tous<br \/>\n&#8211; 15 et 20 km pour les habitu\u00e9s.<\/p>\n<p>Des parcours nature, sympathiques, sur les petites routes et les chemins vallonn\u00e9s de Grigny, Millery, Montagny, avec de jolis panoramas.<\/p>\n<div id=\"attachment_3045\" style=\"width: 650px\" class=\"wp-caption aligncenter\"><a href=\"http:\/\/portailsolidarites.fr\/amicalelaiquegrigny\/files\/2017\/03\/Affiche-rando-8-mai-2017-avec-logos.jpg\"><img loading=\"lazy\" decoding=\"async\" aria-describedby=\"caption-attachment-3045\" class=\"size-large wp-image-3045\" src=\"http:\/\/portailsolidarites.fr\/amicalelaiquegrigny\/files\/2017\/03\/Affiche-rando-8-mai-2017-avec-logos-724x1024.jpg\" alt=\"Affiche Rando du 8 mai 2017\" width=\"640\" height=\"905\" \/><\/a><p id=\"caption-attachment-3045\" class=\"wp-caption-text\">Affiche Rando du 8 mai 2017<\/p><\/div>\n<p>&nbsp;<\/p>\n<p>&nbsp;<\/p>\n<p>&nbsp;<\/p>\n","protected":false},"excerpt":{"rendered":"<p>L&rsquo;Amicale La\u00efque organise une super randonn\u00e9e p\u00e9destre, avec 3 circuits adapt\u00e9s au plus grand nombre: &#8211; 8 km, pour tous &#8211; 15 et 20 km pour les habitu\u00e9s. Des parcours nature, sympathiques, sur les petites routes et les chemins vallonn\u00e9s &hellip; <a href=\"https:\/\/portailsolidarites.fr\/Amicale\/2017\/03\/30\/randonnee-pedestre-lundi-8-mai-2017\/\">Continuer la lecture <span class=\"meta-nav\">&rarr;<\/span><\/a><\/p>\n","protected":false},"author":2,"featured_media":0,"comment_status":"open","ping_status":"open","sticky":false,"template":"","format":"standard","meta":{"_uag_custom_page_level_css":"","footnotes":""},"categories":[2,18],"tags":[],"class_list":["post-3047","post","type-post","status-publish","format-standard","hentry","category-interet-general","category-randonnee-pedestre"],"uagb_featured_image_src":{"full":false,"thumbnail":false,"medium":false,"medium_large":false,"large":false,"1536x1536":false,"2048x2048":false,"post-thumbnail":false},"uagb_author_info":{"display_name":"amicalelaiquegrigny","author_link":"https:\/\/portailsolidarites.fr\/Amicale\/author\/amicalelaiquegrigny\/"},"uagb_comment_info":0,"uagb_excerpt":"L&rsquo;Amicale La\u00efque organise une super randonn\u00e9e p\u00e9destre, avec 3 circuits adapt\u00e9s au plus grand nombre: &#8211; 8 km, pour tous &#8211; 15 et 20 km pour les habitu\u00e9s. Des parcours nature, sympathiques, sur les petites routes et les chemins vallonn\u00e9s &hellip; Continuer la lecture &rarr;","_links":{"self":[{"href":"https:\/\/portailsolidarites.fr\/Amicale\/wp-json\/wp\/v2\/posts\/3047","targetHints":{"allow":["GET"]}}],"collection":[{"href":"https:\/\/portailsolidarites.fr\/Amicale\/wp-json\/wp\/v2\/posts"}],"about":[{"href":"https:\/\/portailsolidarites.fr\/Amicale\/wp-json\/wp\/v2\/types\/post"}],"author":[{"embeddable":true,"href":"https:\/\/portailsolidarites.fr\/Amicale\/wp-json\/wp\/v2\/users\/2"}],"replies":[{"embeddable":true,"href":"https:\/\/portailsolidarites.fr\/Amicale\/wp-json\/wp\/v2\/comments?post=3047"}],"version-history":[{"count":0,"href":"https:\/\/portailsolidarites.fr\/Amicale\/wp-json\/wp\/v2\/posts\/3047\/revisions"}],"wp:attachment":[{"href":"https:\/\/portailsolidarites.fr\/Amicale\/wp-json\/wp\/v2\/media?parent=3047"}],"wp:term":[{"taxonomy":"category","embeddable":true,"href":"https:\/\/portailsolidarites.fr\/Amicale\/wp-json\/wp\/v2\/categories?post=3047"},{"taxonomy":"post_tag","embeddable":true,"href":"https:\/\/portailsolidarites.fr\/Amicale\/wp-json\/wp\/v2\/tags?post=3047"}],"curies":[{"name":"wp","href":"https:\/\/api.w.org\/{rel}","templated":true}]}}