{"id":3049,"date":"2017-03-30T11:45:20","date_gmt":"2017-03-30T09:45:20","guid":{"rendered":"http:\/\/portailsolidarites.fr\/amicalelaiquegrigny\/?p=3049"},"modified":"2017-03-30T11:45:20","modified_gmt":"2017-03-30T09:45:20","slug":"theatre-les-19-20-et-21-mai-2017","status":"publish","type":"post","link":"https:\/\/portailsolidarites.fr\/Amicale\/2017\/03\/30\/theatre-les-19-20-et-21-mai-2017\/","title":{"rendered":"Th\u00e9atre les 19, 20 et 21 mai 2017"},"content":{"rendered":"<p>La troupe de l&rsquo;Amicale, qui a d\u00e9j\u00e0 fait ses preuves en 2015 et 2016, avec de jolis succ\u00e8s, vous propose un nouveau spectacle avec 3 repr\u00e9sentations les 19, 20 et 21 mai 2017 \u00e0 la salle Jean Mac\u00e9 (centre Edouard Brenot)<\/p>\n<p>De quoi passer assur\u00e9ment un bon moment, pas triste!<\/p>\n<h2><a href=\"http:\/\/portailsolidarites.fr\/amicalelaiquegrigny\/files\/2017\/04\/AFFICHE-A3-Ambiance-Th%C3%A9%C3%A2tre.pdf\">Voir affiche et infos\u00a0<\/a><\/h2>\n","protected":false},"excerpt":{"rendered":"<p>La troupe de l&rsquo;Amicale, qui a d\u00e9j\u00e0 fait ses preuves en 2015 et 2016, avec de jolis succ\u00e8s, vous propose un nouveau spectacle avec 3 repr\u00e9sentations les 19, 20 et 21 mai 2017 \u00e0 la salle Jean Mac\u00e9 (centre Edouard &hellip; <a href=\"https:\/\/portailsolidarites.fr\/Amicale\/2017\/03\/30\/theatre-les-19-20-et-21-mai-2017\/\">Continuer la lecture <span class=\"meta-nav\">&rarr;<\/span><\/a><\/p>\n","protected":false},"author":2,"featured_media":0,"comment_status":"open","ping_status":"open","sticky":false,"template":"","format":"standard","meta":{"_uag_custom_page_level_css":"","footnotes":""},"categories":[2],"tags":[],"class_list":["post-3049","post","type-post","status-publish","format-standard","hentry","category-interet-general"],"uagb_featured_image_src":{"full":false,"thumbnail":false,"medium":false,"medium_large":false,"large":false,"1536x1536":false,"2048x2048":false,"post-thumbnail":false},"uagb_author_info":{"display_name":"amicalelaiquegrigny","author_link":"https:\/\/portailsolidarites.fr\/Amicale\/author\/amicalelaiquegrigny\/"},"uagb_comment_info":0,"uagb_excerpt":"La troupe de l&rsquo;Amicale, qui a d\u00e9j\u00e0 fait ses preuves en 2015 et 2016, avec de jolis succ\u00e8s, vous propose un nouveau spectacle avec 3 repr\u00e9sentations les 19, 20 et 21 mai 2017 \u00e0 la salle Jean Mac\u00e9 (centre Edouard &hellip; Continuer la lecture &rarr;","_links":{"self":[{"href":"https:\/\/portailsolidarites.fr\/Amicale\/wp-json\/wp\/v2\/posts\/3049","targetHints":{"allow":["GET"]}}],"collection":[{"href":"https:\/\/portailsolidarites.fr\/Amicale\/wp-json\/wp\/v2\/posts"}],"about":[{"href":"https:\/\/portailsolidarites.fr\/Amicale\/wp-json\/wp\/v2\/types\/post"}],"author":[{"embeddable":true,"href":"https:\/\/portailsolidarites.fr\/Amicale\/wp-json\/wp\/v2\/users\/2"}],"replies":[{"embeddable":true,"href":"https:\/\/portailsolidarites.fr\/Amicale\/wp-json\/wp\/v2\/comments?post=3049"}],"version-history":[{"count":0,"href":"https:\/\/portailsolidarites.fr\/Amicale\/wp-json\/wp\/v2\/posts\/3049\/revisions"}],"wp:attachment":[{"href":"https:\/\/portailsolidarites.fr\/Amicale\/wp-json\/wp\/v2\/media?parent=3049"}],"wp:term":[{"taxonomy":"category","embeddable":true,"href":"https:\/\/portailsolidarites.fr\/Amicale\/wp-json\/wp\/v2\/categories?post=3049"},{"taxonomy":"post_tag","embeddable":true,"href":"https:\/\/portailsolidarites.fr\/Amicale\/wp-json\/wp\/v2\/tags?post=3049"}],"curies":[{"name":"wp","href":"https:\/\/api.w.org\/{rel}","templated":true}]}}