{"id":3104,"date":"2017-06-19T15:32:41","date_gmt":"2017-06-19T13:32:41","guid":{"rendered":"http:\/\/portailsolidarites.fr\/amicalelaiquegrigny\/?p=3104"},"modified":"2017-06-19T15:32:41","modified_gmt":"2017-06-19T13:32:41","slug":"gala-le-25-juin-2017","status":"publish","type":"post","link":"https:\/\/portailsolidarites.fr\/Amicale\/2017\/06\/19\/gala-le-25-juin-2017\/","title":{"rendered":"GALA le 25 juin 2017"},"content":{"rendered":"<p>Le gala de l&rsquo;Amicale, c&rsquo;est la pr\u00e9sentation des diff\u00e9rentes activit\u00e9s suivie du spectacle donn\u00e9 par les sections gym artistique enfants et danse classique.<\/p>\n<p>Vous serez \u00e9tonn\u00e9s par la qualit\u00e9 des prestations des enfants et pourrez juger des progr\u00e8s accomplis !<\/p>\n<p>Entr\u00e9e libre &#8211; on attend du monde !<\/p>\n<div id=\"attachment_3103\" style=\"width: 410px\" class=\"wp-caption aligncenter\"><a href=\"http:\/\/portailsolidarites.fr\/amicalelaiquegrigny\/files\/2017\/06\/Affiche-GALA-2017.jpg\"><img loading=\"lazy\" decoding=\"async\" aria-describedby=\"caption-attachment-3103\" class=\"wp-image-3103\" src=\"http:\/\/portailsolidarites.fr\/amicalelaiquegrigny\/files\/2017\/06\/Affiche-GALA-2017-212x300.jpg\" alt=\"affiche gala 2017\" width=\"400\" height=\"566\" \/><\/a><p id=\"caption-attachment-3103\" class=\"wp-caption-text\">affiche gala 2017<\/p><\/div>\n","protected":false},"excerpt":{"rendered":"<p>Le gala de l&rsquo;Amicale, c&rsquo;est la pr\u00e9sentation des diff\u00e9rentes activit\u00e9s suivie du spectacle donn\u00e9 par les sections gym artistique enfants et danse classique. Vous serez \u00e9tonn\u00e9s par la qualit\u00e9 des prestations des enfants et pourrez juger des progr\u00e8s accomplis ! &hellip; <a href=\"https:\/\/portailsolidarites.fr\/Amicale\/2017\/06\/19\/gala-le-25-juin-2017\/\">Continuer la lecture <span class=\"meta-nav\">&rarr;<\/span><\/a><\/p>\n","protected":false},"author":2,"featured_media":0,"comment_status":"open","ping_status":"open","sticky":false,"template":"","format":"standard","meta":{"_uag_custom_page_level_css":"","footnotes":""},"categories":[2],"tags":[],"class_list":["post-3104","post","type-post","status-publish","format-standard","hentry","category-interet-general"],"uagb_featured_image_src":{"full":false,"thumbnail":false,"medium":false,"medium_large":false,"large":false,"1536x1536":false,"2048x2048":false,"post-thumbnail":false},"uagb_author_info":{"display_name":"amicalelaiquegrigny","author_link":"https:\/\/portailsolidarites.fr\/Amicale\/author\/amicalelaiquegrigny\/"},"uagb_comment_info":0,"uagb_excerpt":"Le gala de l&rsquo;Amicale, c&rsquo;est la pr\u00e9sentation des diff\u00e9rentes activit\u00e9s suivie du spectacle donn\u00e9 par les sections gym artistique enfants et danse classique. Vous serez \u00e9tonn\u00e9s par la qualit\u00e9 des prestations des enfants et pourrez juger des progr\u00e8s accomplis ! &hellip; Continuer la lecture &rarr;","_links":{"self":[{"href":"https:\/\/portailsolidarites.fr\/Amicale\/wp-json\/wp\/v2\/posts\/3104","targetHints":{"allow":["GET"]}}],"collection":[{"href":"https:\/\/portailsolidarites.fr\/Amicale\/wp-json\/wp\/v2\/posts"}],"about":[{"href":"https:\/\/portailsolidarites.fr\/Amicale\/wp-json\/wp\/v2\/types\/post"}],"author":[{"embeddable":true,"href":"https:\/\/portailsolidarites.fr\/Amicale\/wp-json\/wp\/v2\/users\/2"}],"replies":[{"embeddable":true,"href":"https:\/\/portailsolidarites.fr\/Amicale\/wp-json\/wp\/v2\/comments?post=3104"}],"version-history":[{"count":0,"href":"https:\/\/portailsolidarites.fr\/Amicale\/wp-json\/wp\/v2\/posts\/3104\/revisions"}],"wp:attachment":[{"href":"https:\/\/portailsolidarites.fr\/Amicale\/wp-json\/wp\/v2\/media?parent=3104"}],"wp:term":[{"taxonomy":"category","embeddable":true,"href":"https:\/\/portailsolidarites.fr\/Amicale\/wp-json\/wp\/v2\/categories?post=3104"},{"taxonomy":"post_tag","embeddable":true,"href":"https:\/\/portailsolidarites.fr\/Amicale\/wp-json\/wp\/v2\/tags?post=3104"}],"curies":[{"name":"wp","href":"https:\/\/api.w.org\/{rel}","templated":true}]}}