{"id":3160,"date":"2017-10-13T18:03:09","date_gmt":"2017-10-13T16:03:09","guid":{"rendered":"http:\/\/portailsolidarites.fr\/amicalelaiquegrigny\/?p=3160"},"modified":"2017-10-13T18:03:09","modified_gmt":"2017-10-13T16:03:09","slug":"assemblee-generale-du-7-octobre-2017","status":"publish","type":"post","link":"https:\/\/portailsolidarites.fr\/Amicale\/2017\/10\/13\/assemblee-generale-du-7-octobre-2017\/","title":{"rendered":"Assembl\u00e9e g\u00e9n\u00e9rale du 7 octobre 2017"},"content":{"rendered":"<p><span style=\"color: #0000ff;\"><em>L&rsquo;assembl\u00e9e g\u00e9n\u00e9rale de notre association s&rsquo;est tenue le\u00a0 samedi 7 octobre 2017.<\/em><\/span><br \/>\n<span style=\"color: #0000ff;\"><em>Ci-apr\u00e8s les points essentiels qui ont \u00e9t\u00e9 pr\u00e9sent\u00e9s et d\u00e9battus:<\/em><\/span><\/p>\n<p>Les grosses difficult\u00e9s qu&rsquo;a connues notre association en 2016 sont derri\u00e8re nous.<br \/>\nL&rsquo;appel au don fait en fin d&rsquo;ann\u00e9e 2016 a eu un accueil tr\u00e8s favorable aupr\u00e8s des adh\u00e9rents et sympathisants et aupr\u00e8s de plusieurs associations de Grigny qui ont prouv\u00e9 leur solidarit\u00e9. Tous sont vivement remerci\u00e9s.<br \/>\nCes dons ont permis de passer une p\u00e9riode critique fin 2016 et d\u00e9but 2017.<br \/>\nUne gestion rigoureuse et le succ\u00e8s des manifestations organis\u00e9es en cours de saison ont conduit \u00e0 un r\u00e9sultat tr\u00e8s positif avec effacement de toutes les dettes et reconstitution d&rsquo;une petite r\u00e9serve de tr\u00e9sorerie.<br \/>\nLes pr\u00e9visions budg\u00e9taires pour la saison 2017\/2018 laissent pr\u00e9sager un r\u00e9sultat b\u00e9n\u00e9ficiaire.<\/p>\n<p>L&rsquo;assembl\u00e9e g\u00e9n\u00e9rale a approuv\u00e9 les modifications des statuts de l&rsquo;association propos\u00e9es par le C.A. et a \u00e9lu un nouveau Conseil d&rsquo;administration (avec la reconduction de la plupart des administrateurs du pr\u00e9c\u00e9dent C.A. et quelques nouveaux).<\/p>\n<p>Le nouveau C.A. s&rsquo;est r\u00e9uni le 9 octobre pour \u00e9lire le nouveau Bureau, compos\u00e9 de:<br \/>\n&#8211; Pr\u00e9sident: Francis PALANDRE<br \/>\n&#8211; Vice-pr\u00e9sidente: Denise BOYET<br \/>\n&#8211; Secr\u00e9taire: Sandra YOUSSEF<br \/>\n&#8211; Secr\u00e9taire adjointe: Pia BOIZET<br \/>\n&#8211; Tr\u00e9sori\u00e8re: Sandra YOUSSEF<br \/>\n&#8211; Tr\u00e9sorier adjoint: Alain BOTTONE<br \/>\n&#8211; Responsable du Comit\u00e9 des f\u00eates: Sandrine ALEXANDRE<\/p>\n<p>Ci-dessous l&rsquo;article du Progr\u00e8s du 23 octobre 2017 relatif \u00e0 la nomination du nouveau bureau:<\/p>\n<p><a href=\"http:\/\/portailsolidarites.fr\/amicalelaiquegrigny\/files\/2017\/10\/Article-Progr\u00e8s-du-23-octobre-2017-e1510174937114.jpg\"><img loading=\"lazy\" decoding=\"async\" class=\"alignnone size-full wp-image-3169\" src=\"http:\/\/portailsolidarites.fr\/amicalelaiquegrigny\/files\/2017\/10\/Article-Progr\u00e8s-du-23-octobre-2017-e1510174937114.jpg\" alt=\"\" width=\"500\" height=\"430\" \/><\/a><\/p>\n","protected":false},"excerpt":{"rendered":"<p>L&rsquo;assembl\u00e9e g\u00e9n\u00e9rale de notre association s&rsquo;est tenue le\u00a0 samedi 7 octobre 2017. Ci-apr\u00e8s les points essentiels qui ont \u00e9t\u00e9 pr\u00e9sent\u00e9s et d\u00e9battus: Les grosses difficult\u00e9s qu&rsquo;a connues notre association en 2016 sont derri\u00e8re nous. L&rsquo;appel au don fait en fin &hellip; <a href=\"https:\/\/portailsolidarites.fr\/Amicale\/2017\/10\/13\/assemblee-generale-du-7-octobre-2017\/\">Continuer la lecture <span class=\"meta-nav\">&rarr;<\/span><\/a><\/p>\n","protected":false},"author":2,"featured_media":0,"comment_status":"open","ping_status":"open","sticky":false,"template":"","format":"standard","meta":{"_uag_custom_page_level_css":"","footnotes":""},"categories":[2],"tags":[],"class_list":["post-3160","post","type-post","status-publish","format-standard","hentry","category-interet-general"],"uagb_featured_image_src":{"full":false,"thumbnail":false,"medium":false,"medium_large":false,"large":false,"1536x1536":false,"2048x2048":false,"post-thumbnail":false},"uagb_author_info":{"display_name":"amicalelaiquegrigny","author_link":"https:\/\/portailsolidarites.fr\/Amicale\/author\/amicalelaiquegrigny\/"},"uagb_comment_info":0,"uagb_excerpt":"L&rsquo;assembl\u00e9e g\u00e9n\u00e9rale de notre association s&rsquo;est tenue le\u00a0 samedi 7 octobre 2017. Ci-apr\u00e8s les points essentiels qui ont \u00e9t\u00e9 pr\u00e9sent\u00e9s et d\u00e9battus: Les grosses difficult\u00e9s qu&rsquo;a connues notre association en 2016 sont derri\u00e8re nous. L&rsquo;appel au don fait en fin &hellip; Continuer la lecture &rarr;","_links":{"self":[{"href":"https:\/\/portailsolidarites.fr\/Amicale\/wp-json\/wp\/v2\/posts\/3160","targetHints":{"allow":["GET"]}}],"collection":[{"href":"https:\/\/portailsolidarites.fr\/Amicale\/wp-json\/wp\/v2\/posts"}],"about":[{"href":"https:\/\/portailsolidarites.fr\/Amicale\/wp-json\/wp\/v2\/types\/post"}],"author":[{"embeddable":true,"href":"https:\/\/portailsolidarites.fr\/Amicale\/wp-json\/wp\/v2\/users\/2"}],"replies":[{"embeddable":true,"href":"https:\/\/portailsolidarites.fr\/Amicale\/wp-json\/wp\/v2\/comments?post=3160"}],"version-history":[{"count":0,"href":"https:\/\/portailsolidarites.fr\/Amicale\/wp-json\/wp\/v2\/posts\/3160\/revisions"}],"wp:attachment":[{"href":"https:\/\/portailsolidarites.fr\/Amicale\/wp-json\/wp\/v2\/media?parent=3160"}],"wp:term":[{"taxonomy":"category","embeddable":true,"href":"https:\/\/portailsolidarites.fr\/Amicale\/wp-json\/wp\/v2\/categories?post=3160"},{"taxonomy":"post_tag","embeddable":true,"href":"https:\/\/portailsolidarites.fr\/Amicale\/wp-json\/wp\/v2\/tags?post=3160"}],"curies":[{"name":"wp","href":"https:\/\/api.w.org\/{rel}","templated":true}]}}