{"id":3175,"date":"2017-12-13T12:19:00","date_gmt":"2017-12-13T10:19:00","guid":{"rendered":"http:\/\/portailsolidarites.fr\/amicalelaiquegrigny\/?p=3175"},"modified":"2017-12-13T12:19:00","modified_gmt":"2017-12-13T10:19:00","slug":"maryse-triolet-adherente-de-la-section-arts-plastiques-nous-a-quittes","status":"publish","type":"post","link":"https:\/\/portailsolidarites.fr\/Amicale\/2017\/12\/13\/maryse-triolet-adherente-de-la-section-arts-plastiques-nous-a-quittes\/","title":{"rendered":"Maryse TRIOLET, adh\u00e9rente de la section Arts Plastiques, nous a quitt\u00e9s"},"content":{"rendered":"<p>Maryse TRIOLET (n\u00e9 BERNARD), adh\u00e9rente de la section Arts Plastiques de l&rsquo;Amicale, nous a quitt\u00e9s le 27 novembre, \u00e0 l\u2019aube de ses 60 ans.<br \/>\n<em>La c\u00e9r\u00e9monie religieuse a eu lieu le vendredi 1<sup>er<\/sup> d\u00e9cembre \u00e0 10 h 30 en l\u2019\u00e9glise de Saint And\u00e9ol le Ch\u00e2teau.<\/em><\/p>\n<p>On se souviendra d&rsquo;une personne douce, tol\u00e9rante, au grand coeur et courageuse dans sa lutte contre la maladie qui, h\u00e9las, a eu raison d&rsquo;elle.<\/p>\n<p><a href=\"http:\/\/portailsolidarites.fr\/amicalelaiquegrigny\/files\/2017\/12\/Maryse.jpg\"><img loading=\"lazy\" decoding=\"async\" class=\"wp-image-3176 alignleft\" src=\"http:\/\/portailsolidarites.fr\/amicalelaiquegrigny\/files\/2017\/12\/Maryse-199x300.jpg\" alt=\"\" width=\"159\" height=\"240\" \/><\/a><\/p>\n<p>&nbsp;<\/p>\n<p>&nbsp;<\/p>\n<p><em>Maryse,<br \/>\nlors de l&rsquo;exposition de peinture de l&rsquo;Amicale de mai 2014<\/em><\/p>\n<p>&nbsp;<\/p>\n<p>&nbsp;<\/p>\n","protected":false},"excerpt":{"rendered":"<p>Maryse TRIOLET (n\u00e9 BERNARD), adh\u00e9rente de la section Arts Plastiques de l&rsquo;Amicale, nous a quitt\u00e9s le 27 novembre, \u00e0 l\u2019aube de ses 60 ans. La c\u00e9r\u00e9monie religieuse a eu lieu le vendredi 1er d\u00e9cembre \u00e0 10 h 30 en l\u2019\u00e9glise &hellip; <a href=\"https:\/\/portailsolidarites.fr\/Amicale\/2017\/12\/13\/maryse-triolet-adherente-de-la-section-arts-plastiques-nous-a-quittes\/\">Continuer la lecture <span class=\"meta-nav\">&rarr;<\/span><\/a><\/p>\n","protected":false},"author":2,"featured_media":0,"comment_status":"open","ping_status":"open","sticky":false,"template":"","format":"standard","meta":{"_uag_custom_page_level_css":"","footnotes":""},"categories":[2,3],"tags":[],"class_list":["post-3175","post","type-post","status-publish","format-standard","hentry","category-interet-general","category-arts-plastiques"],"uagb_featured_image_src":{"full":false,"thumbnail":false,"medium":false,"medium_large":false,"large":false,"1536x1536":false,"2048x2048":false,"post-thumbnail":false},"uagb_author_info":{"display_name":"amicalelaiquegrigny","author_link":"https:\/\/portailsolidarites.fr\/Amicale\/author\/amicalelaiquegrigny\/"},"uagb_comment_info":0,"uagb_excerpt":"Maryse TRIOLET (n\u00e9 BERNARD), adh\u00e9rente de la section Arts Plastiques de l&rsquo;Amicale, nous a quitt\u00e9s le 27 novembre, \u00e0 l\u2019aube de ses 60 ans. La c\u00e9r\u00e9monie religieuse a eu lieu le vendredi 1er d\u00e9cembre \u00e0 10 h 30 en l\u2019\u00e9glise &hellip; Continuer la lecture &rarr;","_links":{"self":[{"href":"https:\/\/portailsolidarites.fr\/Amicale\/wp-json\/wp\/v2\/posts\/3175","targetHints":{"allow":["GET"]}}],"collection":[{"href":"https:\/\/portailsolidarites.fr\/Amicale\/wp-json\/wp\/v2\/posts"}],"about":[{"href":"https:\/\/portailsolidarites.fr\/Amicale\/wp-json\/wp\/v2\/types\/post"}],"author":[{"embeddable":true,"href":"https:\/\/portailsolidarites.fr\/Amicale\/wp-json\/wp\/v2\/users\/2"}],"replies":[{"embeddable":true,"href":"https:\/\/portailsolidarites.fr\/Amicale\/wp-json\/wp\/v2\/comments?post=3175"}],"version-history":[{"count":0,"href":"https:\/\/portailsolidarites.fr\/Amicale\/wp-json\/wp\/v2\/posts\/3175\/revisions"}],"wp:attachment":[{"href":"https:\/\/portailsolidarites.fr\/Amicale\/wp-json\/wp\/v2\/media?parent=3175"}],"wp:term":[{"taxonomy":"category","embeddable":true,"href":"https:\/\/portailsolidarites.fr\/Amicale\/wp-json\/wp\/v2\/categories?post=3175"},{"taxonomy":"post_tag","embeddable":true,"href":"https:\/\/portailsolidarites.fr\/Amicale\/wp-json\/wp\/v2\/tags?post=3175"}],"curies":[{"name":"wp","href":"https:\/\/api.w.org\/{rel}","templated":true}]}}