{"id":3186,"date":"2017-12-20T15:56:08","date_gmt":"2017-12-20T13:56:08","guid":{"rendered":"http:\/\/portailsolidarites.fr\/amicalelaiquegrigny\/?p=3186"},"modified":"2017-12-20T15:56:08","modified_gmt":"2017-12-20T13:56:08","slug":"le-noel-des-enfants-de-la-gym","status":"publish","type":"post","link":"https:\/\/portailsolidarites.fr\/Amicale\/2017\/12\/20\/le-noel-des-enfants-de-la-gym\/","title":{"rendered":"Le No\u00ebl des enfants de la gym (15 d\u00e9cembre 2017)"},"content":{"rendered":"<p>Vendredi 15 d\u00e9cembre, en fin d&rsquo;apr\u00e8s midi, les enfants de la gym (gym gones et gym artistique) se sont retrouv\u00e9s, avec leurs parents, pour montrer ce qu&rsquo;ils savaient faire et f\u00eater No\u00ebl (juste un peu en avance).<\/p>\n<div id=\"attachment_3187\" style=\"width: 290px\" class=\"wp-caption alignleft\"><a href=\"http:\/\/portailsolidarites.fr\/amicalelaiquegrigny\/files\/2017\/12\/P1020546.jpg\"><img loading=\"lazy\" decoding=\"async\" aria-describedby=\"caption-attachment-3187\" class=\"wp-image-3187\" src=\"http:\/\/portailsolidarites.fr\/amicalelaiquegrigny\/files\/2017\/12\/P1020546-300x200.jpg\" alt=\"No\u00ebl gym 15 d\u00e9cembre 2017\" width=\"280\" height=\"187\" \/><\/a><p id=\"caption-attachment-3187\" class=\"wp-caption-text\">No\u00ebl gym 15 d\u00e9cembre 2017<\/p><\/div>\n<p><a href=\"http:\/\/portailsolidarites.fr\/amicalelaiquegrigny\/files\/2017\/12\/P1020552.jpg\"><img loading=\"lazy\" decoding=\"async\" class=\"alignnone wp-image-3188\" src=\"http:\/\/portailsolidarites.fr\/amicalelaiquegrigny\/files\/2017\/12\/P1020552-300x225.jpg\" alt=\"\" width=\"280\" height=\"210\" \/><\/a><\/p>\n<p>&nbsp;<\/p>\n<p style=\"text-align: left;\"><a href=\"http:\/\/portailsolidarites.fr\/amicalelaiquegrigny\/files\/2017\/12\/P1020553.jpg\"><img loading=\"lazy\" decoding=\"async\" class=\"alignleft wp-image-3189\" src=\"http:\/\/portailsolidarites.fr\/amicalelaiquegrigny\/files\/2017\/12\/P1020553-300x225.jpg\" alt=\"\" width=\"280\" height=\"210\" \/><\/a> <a href=\"http:\/\/portailsolidarites.fr\/amicalelaiquegrigny\/files\/2017\/12\/P1020558.jpg\"><img loading=\"lazy\" decoding=\"async\" class=\"alignnone wp-image-3190\" src=\"http:\/\/portailsolidarites.fr\/amicalelaiquegrigny\/files\/2017\/12\/P1020558-300x281.jpg\" alt=\"\" width=\"280\" height=\"262\" \/><\/a><\/p>\n<p style=\"text-align: left;\">Et le p\u00e8re No\u00ebl est arriv\u00e9 avec un sac plein de cadeaux !<\/p>\n<p><a href=\"http:\/\/portailsolidarites.fr\/amicalelaiquegrigny\/files\/2017\/12\/P1020566.jpg\"><img loading=\"lazy\" decoding=\"async\" class=\"wp-image-3191 alignleft\" src=\"http:\/\/portailsolidarites.fr\/amicalelaiquegrigny\/files\/2017\/12\/P1020566-300x225.jpg\" alt=\"\" width=\"280\" height=\"210\" \/>\u00a0<\/a><a href=\"http:\/\/portailsolidarites.fr\/amicalelaiquegrigny\/files\/2017\/12\/P1020575.jpg\"><img loading=\"lazy\" decoding=\"async\" class=\"wp-image-3192 alignnone\" src=\"http:\/\/portailsolidarites.fr\/amicalelaiquegrigny\/files\/2017\/12\/P1020575-300x225.jpg\" alt=\"L'arriv\u00e9e du p\u00e8re No\u00ebl\" width=\"280\" height=\"210\" \/><\/a><\/p>\n<p><a href=\"http:\/\/portailsolidarites.fr\/amicalelaiquegrigny\/files\/2017\/12\/P1020576.jpg\"><img loading=\"lazy\" decoding=\"async\" class=\"alignnone wp-image-3193\" src=\"http:\/\/portailsolidarites.fr\/amicalelaiquegrigny\/files\/2017\/12\/P1020576-300x225.jpg\" alt=\"\" width=\"280\" height=\"210\" \/><\/a> <a href=\"http:\/\/portailsolidarites.fr\/amicalelaiquegrigny\/files\/2017\/12\/P1020577.jpg\">\u00a0\u00a0\u00a0\u00a0 <img loading=\"lazy\" decoding=\"async\" class=\"alignnone wp-image-3194\" src=\"http:\/\/portailsolidarites.fr\/amicalelaiquegrigny\/files\/2017\/12\/P1020577-300x225.jpg\" alt=\"\" width=\"280\" height=\"210\" \/><\/a><\/p>\n<p><a href=\"http:\/\/portailsolidarites.fr\/amicalelaiquegrigny\/files\/2017\/12\/P1020579.jpg\"><img loading=\"lazy\" decoding=\"async\" class=\"alignnone wp-image-3195\" src=\"http:\/\/portailsolidarites.fr\/amicalelaiquegrigny\/files\/2017\/12\/P1020579-300x225.jpg\" alt=\"\" width=\"280\" height=\"210\" \/><\/a> <a href=\"http:\/\/portailsolidarites.fr\/amicalelaiquegrigny\/files\/2017\/12\/P1020580.jpg\"><img loading=\"lazy\" decoding=\"async\" class=\"alignnone wp-image-3196\" src=\"http:\/\/portailsolidarites.fr\/amicalelaiquegrigny\/files\/2017\/12\/P1020580-300x276.jpg\" alt=\"\" width=\"280\" height=\"258\" \/><\/a><\/p>\n<p>Un enfant a rappel\u00e9 qu&rsquo;il avait envoy\u00e9 sa lettre au p\u00e8re No\u00ebl.<br \/>\nPlusieurs autres, manifestement subjugu\u00e9s, disaient \u00e0 voix basse : \u00ab\u00a0c&rsquo;est le vrai p\u00e8re No\u00ebl !\u00a0\u00bb<br \/>\nTous les enfants ont alors chant\u00e9 en choeur et \u00e0 la perfection \u00ab\u00a0Petit papa No\u00ebl\u00a0\u00bb.<\/p>\n<p>Le p\u00e8re No\u00ebl, tr\u00e8s touch\u00e9 par cette chanson qui lui \u00e9tait destin\u00e9, a dit bravo \u00e0 tous , puis a d\u00fb s&rsquo;en aller en saluant les enfants. \u00ab\u00a0Mais je reviendrai\u00a0\u00bb a-t&rsquo;il annonc\u00e9.<\/p>\n<p>&nbsp;<\/p>\n<p>&nbsp;<\/p>\n","protected":false},"excerpt":{"rendered":"<p>Vendredi 15 d\u00e9cembre, en fin d&rsquo;apr\u00e8s midi, les enfants de la gym (gym gones et gym artistique) se sont retrouv\u00e9s, avec leurs parents, pour montrer ce qu&rsquo;ils savaient faire et f\u00eater No\u00ebl (juste un peu en avance). &nbsp; Et le &hellip; <a href=\"https:\/\/portailsolidarites.fr\/Amicale\/2017\/12\/20\/le-noel-des-enfants-de-la-gym\/\">Continuer la lecture <span class=\"meta-nav\">&rarr;<\/span><\/a><\/p>\n","protected":false},"author":2,"featured_media":0,"comment_status":"open","ping_status":"open","sticky":false,"template":"","format":"standard","meta":{"_uag_custom_page_level_css":"","footnotes":""},"categories":[2,12],"tags":[],"class_list":["post-3186","post","type-post","status-publish","format-standard","hentry","category-interet-general","category-gymnastique-artistique"],"uagb_featured_image_src":{"full":false,"thumbnail":false,"medium":false,"medium_large":false,"large":false,"1536x1536":false,"2048x2048":false,"post-thumbnail":false},"uagb_author_info":{"display_name":"amicalelaiquegrigny","author_link":"https:\/\/portailsolidarites.fr\/Amicale\/author\/amicalelaiquegrigny\/"},"uagb_comment_info":0,"uagb_excerpt":"Vendredi 15 d\u00e9cembre, en fin d&rsquo;apr\u00e8s midi, les enfants de la gym (gym gones et gym artistique) se sont retrouv\u00e9s, avec leurs parents, pour montrer ce qu&rsquo;ils savaient faire et f\u00eater No\u00ebl (juste un peu en avance). &nbsp; Et le &hellip; Continuer la lecture &rarr;","_links":{"self":[{"href":"https:\/\/portailsolidarites.fr\/Amicale\/wp-json\/wp\/v2\/posts\/3186","targetHints":{"allow":["GET"]}}],"collection":[{"href":"https:\/\/portailsolidarites.fr\/Amicale\/wp-json\/wp\/v2\/posts"}],"about":[{"href":"https:\/\/portailsolidarites.fr\/Amicale\/wp-json\/wp\/v2\/types\/post"}],"author":[{"embeddable":true,"href":"https:\/\/portailsolidarites.fr\/Amicale\/wp-json\/wp\/v2\/users\/2"}],"replies":[{"embeddable":true,"href":"https:\/\/portailsolidarites.fr\/Amicale\/wp-json\/wp\/v2\/comments?post=3186"}],"version-history":[{"count":0,"href":"https:\/\/portailsolidarites.fr\/Amicale\/wp-json\/wp\/v2\/posts\/3186\/revisions"}],"wp:attachment":[{"href":"https:\/\/portailsolidarites.fr\/Amicale\/wp-json\/wp\/v2\/media?parent=3186"}],"wp:term":[{"taxonomy":"category","embeddable":true,"href":"https:\/\/portailsolidarites.fr\/Amicale\/wp-json\/wp\/v2\/categories?post=3186"},{"taxonomy":"post_tag","embeddable":true,"href":"https:\/\/portailsolidarites.fr\/Amicale\/wp-json\/wp\/v2\/tags?post=3186"}],"curies":[{"name":"wp","href":"https:\/\/api.w.org\/{rel}","templated":true}]}}