{"id":3214,"date":"2018-01-01T17:19:22","date_gmt":"2018-01-01T15:19:22","guid":{"rendered":"http:\/\/portailsolidarites.fr\/amicalelaiquegrigny\/?p=3214"},"modified":"2018-01-01T17:19:22","modified_gmt":"2018-01-01T15:19:22","slug":"ateliers-sante-gratuits-pour-les-seniors","status":"publish","type":"post","link":"https:\/\/portailsolidarites.fr\/Amicale\/2018\/01\/01\/ateliers-sante-gratuits-pour-les-seniors\/","title":{"rendered":"Ateliers Sant\u00e9 gratuits pour les s\u00e9niors (adh\u00e9rents ou non adh\u00e9rents \u00e0 l&rsquo;Amicale La\u00efque)"},"content":{"rendered":"<p>L&rsquo;UFOLEP (Union f\u00e9d\u00e9rale des oeuvres la\u00efques de l\u2019\u00e9ducation physique du Rh\u00f4ne) organise dans les locaux de l&rsquo;Amicale La\u00efque (2, avenue Jean Durand \u00e0 Grigny) des <strong>Ateliers Sant\u00e9<\/strong> destin\u00e9s aux S\u00e9niors (ouverts \u00e0 tous les s\u00e9niors, adh\u00e9rents ou non-adh\u00e9rents \u00e0 notre association).<\/p>\n<p>Ces ateliers \u00ab\u00a0Manger, Bouger = Sant\u00e9 pr\u00e9serv\u00e9e\u00a0\u00bb d&rsquo;une dur\u00e9e de 2 heures (de 14H \u00e0 16H) sont anim\u00e9s par des sp\u00e9cialistes et sont enti\u00e8rement <strong>gratuits<\/strong>.<\/p>\n<p>15 s\u00e9ances sont programm\u00e9es, du 22 janvier au 12 mars 2018.<\/p>\n<h2><span style=\"text-decoration: underline;\">Programme:<\/span>\u00a0 <a href=\"http:\/\/portailsolidarites.fr\/amicalelaiquegrigny\/files\/2018\/01\/Ateliers-1-1.jpg\"><img loading=\"lazy\" decoding=\"async\" class=\"size-full wp-image-3219 aligncenter\" src=\"http:\/\/portailsolidarites.fr\/amicalelaiquegrigny\/files\/2018\/01\/Ateliers-1-1.jpg\" alt=\"\" width=\"394\" height=\"161\" \/><\/a> <a href=\"http:\/\/portailsolidarites.fr\/amicalelaiquegrigny\/files\/2018\/01\/Ateliers-2-1.jpg\"><img loading=\"lazy\" decoding=\"async\" class=\"wp-image-3220 size-full aligncenter\" src=\"http:\/\/portailsolidarites.fr\/amicalelaiquegrigny\/files\/2018\/01\/Ateliers-2-1.jpg\" alt=\"\" width=\"391\" height=\"158\" \/><\/a> <a href=\"http:\/\/portailsolidarites.fr\/amicalelaiquegrigny\/files\/2018\/01\/Ateliers-3-1.jpg\"><img loading=\"lazy\" decoding=\"async\" class=\"wp-image-3221 size-full aligncenter\" src=\"http:\/\/portailsolidarites.fr\/amicalelaiquegrigny\/files\/2018\/01\/Ateliers-3-1.jpg\" alt=\"\" width=\"393\" height=\"160\" \/><\/a><span style=\"text-decoration: underline; font-family: arial, helvetica, sans-serif; font-size: 14pt; color: #0000ff;\"><em><strong>Renseignements et inscriptions:<\/strong><\/em><\/span><br \/>\n<span style=\"color: #0000ff; font-size: 14pt;\"><em><span style=\"font-family: arial, helvetica, sans-serif;\"><strong>Mme BOYET &#8211; T\u00e9l.: 04 78 73 06 61<br \/>\n<\/strong><\/span><\/em><\/span><br \/>\n<em><span style=\"color: #800000; font-size: 14pt;\">Ces ateliers, gratuits et conviviaux, pr\u00e9sentent un grand int\u00e9r\u00eat.<\/span><\/em><br \/>\n<em><span style=\"color: #800000; font-size: 14pt;\">N&rsquo;h\u00e9sitez pas \u00e0 vous renseigner et \u00e0 vous inscrire.<\/span><\/em><\/h2>\n<p><a href=\"http:\/\/portailsolidarites.fr\/amicalelaiquegrigny\/files\/2018\/01\/Affiche-ARS-Grigny-.jpg\"><img loading=\"lazy\" decoding=\"async\" class=\"aligncenter size-full wp-image-3225\" src=\"http:\/\/portailsolidarites.fr\/amicalelaiquegrigny\/files\/2018\/01\/Affiche-ARS-Grigny-.jpg\" alt=\"\" width=\"453\" height=\"640\" \/><\/a><\/p>\n","protected":false},"excerpt":{"rendered":"<p>L&rsquo;UFOLEP (Union f\u00e9d\u00e9rale des oeuvres la\u00efques de l\u2019\u00e9ducation physique du Rh\u00f4ne) organise dans les locaux de l&rsquo;Amicale La\u00efque (2, avenue Jean Durand \u00e0 Grigny) des Ateliers Sant\u00e9 destin\u00e9s aux S\u00e9niors (ouverts \u00e0 tous les s\u00e9niors, adh\u00e9rents ou non-adh\u00e9rents \u00e0 notre &hellip; <a href=\"https:\/\/portailsolidarites.fr\/Amicale\/2018\/01\/01\/ateliers-sante-gratuits-pour-les-seniors\/\">Continuer la lecture <span class=\"meta-nav\">&rarr;<\/span><\/a><\/p>\n","protected":false},"author":2,"featured_media":0,"comment_status":"open","ping_status":"open","sticky":false,"template":"","format":"standard","meta":{"_uag_custom_page_level_css":"","footnotes":""},"categories":[2],"tags":[],"class_list":["post-3214","post","type-post","status-publish","format-standard","hentry","category-interet-general"],"uagb_featured_image_src":{"full":false,"thumbnail":false,"medium":false,"medium_large":false,"large":false,"1536x1536":false,"2048x2048":false,"post-thumbnail":false},"uagb_author_info":{"display_name":"amicalelaiquegrigny","author_link":"https:\/\/portailsolidarites.fr\/Amicale\/author\/amicalelaiquegrigny\/"},"uagb_comment_info":0,"uagb_excerpt":"L&rsquo;UFOLEP (Union f\u00e9d\u00e9rale des oeuvres la\u00efques de l\u2019\u00e9ducation physique du Rh\u00f4ne) organise dans les locaux de l&rsquo;Amicale La\u00efque (2, avenue Jean Durand \u00e0 Grigny) des Ateliers Sant\u00e9 destin\u00e9s aux S\u00e9niors (ouverts \u00e0 tous les s\u00e9niors, adh\u00e9rents ou non-adh\u00e9rents \u00e0 notre &hellip; Continuer la lecture &rarr;","_links":{"self":[{"href":"https:\/\/portailsolidarites.fr\/Amicale\/wp-json\/wp\/v2\/posts\/3214","targetHints":{"allow":["GET"]}}],"collection":[{"href":"https:\/\/portailsolidarites.fr\/Amicale\/wp-json\/wp\/v2\/posts"}],"about":[{"href":"https:\/\/portailsolidarites.fr\/Amicale\/wp-json\/wp\/v2\/types\/post"}],"author":[{"embeddable":true,"href":"https:\/\/portailsolidarites.fr\/Amicale\/wp-json\/wp\/v2\/users\/2"}],"replies":[{"embeddable":true,"href":"https:\/\/portailsolidarites.fr\/Amicale\/wp-json\/wp\/v2\/comments?post=3214"}],"version-history":[{"count":0,"href":"https:\/\/portailsolidarites.fr\/Amicale\/wp-json\/wp\/v2\/posts\/3214\/revisions"}],"wp:attachment":[{"href":"https:\/\/portailsolidarites.fr\/Amicale\/wp-json\/wp\/v2\/media?parent=3214"}],"wp:term":[{"taxonomy":"category","embeddable":true,"href":"https:\/\/portailsolidarites.fr\/Amicale\/wp-json\/wp\/v2\/categories?post=3214"},{"taxonomy":"post_tag","embeddable":true,"href":"https:\/\/portailsolidarites.fr\/Amicale\/wp-json\/wp\/v2\/tags?post=3214"}],"curies":[{"name":"wp","href":"https:\/\/api.w.org\/{rel}","templated":true}]}}