{"id":3256,"date":"2018-02-07T12:28:19","date_gmt":"2018-02-07T10:28:19","guid":{"rendered":"http:\/\/portailsolidarites.fr\/amicalelaiquegrigny\/?p=3256"},"modified":"2018-02-07T12:28:19","modified_gmt":"2018-02-07T10:28:19","slug":"bourse-aux-mineraux-10-et-11-mars-20178","status":"publish","type":"post","link":"https:\/\/portailsolidarites.fr\/Amicale\/2018\/02\/07\/bourse-aux-mineraux-10-et-11-mars-20178\/","title":{"rendered":"Bourse aux Min\u00e9raux 10 et 11 mars 2018"},"content":{"rendered":"<p><span style=\"color: #0000ff;\"><em>La 36e bourse aux min\u00e9raux, fossiles et bijoux, se tiendra les <strong>10 et 11 mars<\/strong> prochain au centre Edouard Brenot (samedi de 9h30 \u00e0 19h et dimanche de 9h30 \u00e0 18h).<\/em><\/span><\/p>\n<p><a href=\"http:\/\/portailsolidarites.fr\/amicalelaiquegrigny\/files\/2018\/02\/Affiche-bourse-2018-d\u00e9finitive.jpg\"><img loading=\"lazy\" decoding=\"async\" class=\"aligncenter wp-image-3257\" src=\"http:\/\/portailsolidarites.fr\/amicalelaiquegrigny\/files\/2018\/02\/Affiche-bourse-2018-d\u00e9finitive-724x1024.jpg\" alt=\"Affiche Bourse aux min\u00e9raux 2018\" width=\"500\" height=\"707\" \/><\/a><\/p>\n<p>Organis\u00e9e par les b\u00e9n\u00e9voles de l&rsquo;Amicale La\u00efque, en partenariat avec la municipalit\u00e9, l&rsquo;\u00e9dition 2018 accueillera plus de 20 exposants originaires de la France enti\u00e8re, proposant des min\u00e9raux et fossiles du monde entier.<\/p>\n<p>Comme d&rsquo;habitude, la section \u00ab\u00a0Min\u00e9raux\u00a0\u00bb de l&rsquo;Amicale pr\u00e9sentera une exposition dont le th\u00e8me, cette ann\u00e9e, devrait int\u00e9resser beaucoup de monde puisqu&rsquo;il s&rsquo;agit des<strong> \u00ab\u00a0Dinosaures et reptiles g\u00e9ants de l&rsquo;\u00e8re secondaire\u00a0\u00bb.<\/strong><\/p>\n<p>Un <strong>atelier de micromin\u00e9ralogie<\/strong>, organis\u00e9 en collaboration avec l&rsquo;Association fran\u00e7aise de Micromin\u00e9ralogie permettra aux curieux d&rsquo;observer de magnifiques micromin\u00e9raux \u00e0 la loupe binoculaire.<\/p>\n<p><span style=\"text-decoration: underline;\">Tarifs:\u00a0<\/span><br \/>\n&#8211; gratuit pour les enfants de moins de 6 ans,<br \/>\n&#8211; 1 \u20ac de 6 \u00e0 14 ans,<br \/>\n&#8211; 3\u20ac pour les plus de 14 ans et adultes.<\/p>\n<p><span style=\"color: #0000ff;\"><em><strong>Une exposition particuli\u00e8rement instructive o\u00f9 on en prend plein les yeux (la nature nous d\u00e9voile de v\u00e9ritables merveilles).<\/strong><\/em><\/span><\/p>\n<p>&nbsp;<\/p>\n","protected":false},"excerpt":{"rendered":"<p>La 36e bourse aux min\u00e9raux, fossiles et bijoux, se tiendra les 10 et 11 mars prochain au centre Edouard Brenot (samedi de 9h30 \u00e0 19h et dimanche de 9h30 \u00e0 18h). Organis\u00e9e par les b\u00e9n\u00e9voles de l&rsquo;Amicale La\u00efque, en partenariat &hellip; <a href=\"https:\/\/portailsolidarites.fr\/Amicale\/2018\/02\/07\/bourse-aux-mineraux-10-et-11-mars-20178\/\">Continuer la lecture <span class=\"meta-nav\">&rarr;<\/span><\/a><\/p>\n","protected":false},"author":2,"featured_media":0,"comment_status":"open","ping_status":"open","sticky":false,"template":"","format":"standard","meta":{"_uag_custom_page_level_css":"","footnotes":""},"categories":[2,17],"tags":[],"class_list":["post-3256","post","type-post","status-publish","format-standard","hentry","category-interet-general","category-mineralogie"],"uagb_featured_image_src":{"full":false,"thumbnail":false,"medium":false,"medium_large":false,"large":false,"1536x1536":false,"2048x2048":false,"post-thumbnail":false},"uagb_author_info":{"display_name":"amicalelaiquegrigny","author_link":"https:\/\/portailsolidarites.fr\/Amicale\/author\/amicalelaiquegrigny\/"},"uagb_comment_info":0,"uagb_excerpt":"La 36e bourse aux min\u00e9raux, fossiles et bijoux, se tiendra les 10 et 11 mars prochain au centre Edouard Brenot (samedi de 9h30 \u00e0 19h et dimanche de 9h30 \u00e0 18h). Organis\u00e9e par les b\u00e9n\u00e9voles de l&rsquo;Amicale La\u00efque, en partenariat &hellip; Continuer la lecture &rarr;","_links":{"self":[{"href":"https:\/\/portailsolidarites.fr\/Amicale\/wp-json\/wp\/v2\/posts\/3256","targetHints":{"allow":["GET"]}}],"collection":[{"href":"https:\/\/portailsolidarites.fr\/Amicale\/wp-json\/wp\/v2\/posts"}],"about":[{"href":"https:\/\/portailsolidarites.fr\/Amicale\/wp-json\/wp\/v2\/types\/post"}],"author":[{"embeddable":true,"href":"https:\/\/portailsolidarites.fr\/Amicale\/wp-json\/wp\/v2\/users\/2"}],"replies":[{"embeddable":true,"href":"https:\/\/portailsolidarites.fr\/Amicale\/wp-json\/wp\/v2\/comments?post=3256"}],"version-history":[{"count":0,"href":"https:\/\/portailsolidarites.fr\/Amicale\/wp-json\/wp\/v2\/posts\/3256\/revisions"}],"wp:attachment":[{"href":"https:\/\/portailsolidarites.fr\/Amicale\/wp-json\/wp\/v2\/media?parent=3256"}],"wp:term":[{"taxonomy":"category","embeddable":true,"href":"https:\/\/portailsolidarites.fr\/Amicale\/wp-json\/wp\/v2\/categories?post=3256"},{"taxonomy":"post_tag","embeddable":true,"href":"https:\/\/portailsolidarites.fr\/Amicale\/wp-json\/wp\/v2\/tags?post=3256"}],"curies":[{"name":"wp","href":"https:\/\/api.w.org\/{rel}","templated":true}]}}