{"id":3292,"date":"2018-03-27T11:52:43","date_gmt":"2018-03-27T09:52:43","guid":{"rendered":"http:\/\/portailsolidarites.fr\/amicalelaiquegrigny\/?p=3292"},"modified":"2018-03-27T11:52:43","modified_gmt":"2018-03-27T09:52:43","slug":"randonnee-pedestre-mardi-1er-mai","status":"publish","type":"post","link":"https:\/\/portailsolidarites.fr\/Amicale\/2018\/03\/27\/randonnee-pedestre-mardi-1er-mai\/","title":{"rendered":"Randonn\u00e9e p\u00e9destre, mardi 1er mai"},"content":{"rendered":"<p>Apr\u00e8s le succ\u00e8s rencontr\u00e9 en 2017 pour la premi\u00e8re \u00e9dition de notre randonn\u00e9e,<br \/>\nl&rsquo;\u00e9dition 2018 est lanc\u00e9e.<br \/>\nElle aura lieu le 1er mai 2018.<br \/>\nD\u00e9part de notre si\u00e8ge: 2, avenue Jean Durand \u00e0 Grigny.<br \/>\nToujours 3 parcours, mais sur des circuits l\u00e9g\u00e8rement modifi\u00e9s qui ne vont plus sur Montagny, mais passent par Vernaison et les superbes sentiers des bords du Rh\u00f4ne.<\/p>\n<p><span style=\"color: #0000ff;\"><em>Venez nombreux: parcours tr\u00e8s agr\u00e9ables, collation \u00e0 l&rsquo;arriv\u00e9e et convivialit\u00e9<\/em><\/span><\/p>\n<p><span style=\"color: #0000ff;\"><a style=\"color: #0000ff;\" href=\"http:\/\/portailsolidarites.fr\/amicalelaiquegrigny\/files\/2018\/03\/Affiche-rando-2018.jpg\"><img loading=\"lazy\" decoding=\"async\" class=\"aligncenter wp-image-3293\" src=\"http:\/\/portailsolidarites.fr\/amicalelaiquegrigny\/files\/2018\/03\/Affiche-rando-2018-724x1024.jpg\" alt=\"\" width=\"450\" height=\"636\" \/><\/a><\/span><\/p>\n<p>&nbsp;<\/p>\n<p>&nbsp;<\/p>\n","protected":false},"excerpt":{"rendered":"<p>Apr\u00e8s le succ\u00e8s rencontr\u00e9 en 2017 pour la premi\u00e8re \u00e9dition de notre randonn\u00e9e, l&rsquo;\u00e9dition 2018 est lanc\u00e9e. Elle aura lieu le 1er mai 2018. D\u00e9part de notre si\u00e8ge: 2, avenue Jean Durand \u00e0 Grigny. Toujours 3 parcours, mais sur des &hellip; <a href=\"https:\/\/portailsolidarites.fr\/Amicale\/2018\/03\/27\/randonnee-pedestre-mardi-1er-mai\/\">Continuer la lecture <span class=\"meta-nav\">&rarr;<\/span><\/a><\/p>\n","protected":false},"author":2,"featured_media":0,"comment_status":"open","ping_status":"open","sticky":false,"template":"","format":"standard","meta":{"_uag_custom_page_level_css":"","footnotes":""},"categories":[2,18],"tags":[87],"class_list":["post-3292","post","type-post","status-publish","format-standard","hentry","category-interet-general","category-randonnee-pedestre","tag-randonnee"],"uagb_featured_image_src":{"full":false,"thumbnail":false,"medium":false,"medium_large":false,"large":false,"1536x1536":false,"2048x2048":false,"post-thumbnail":false},"uagb_author_info":{"display_name":"amicalelaiquegrigny","author_link":"https:\/\/portailsolidarites.fr\/Amicale\/author\/amicalelaiquegrigny\/"},"uagb_comment_info":0,"uagb_excerpt":"Apr\u00e8s le succ\u00e8s rencontr\u00e9 en 2017 pour la premi\u00e8re \u00e9dition de notre randonn\u00e9e, l&rsquo;\u00e9dition 2018 est lanc\u00e9e. Elle aura lieu le 1er mai 2018. D\u00e9part de notre si\u00e8ge: 2, avenue Jean Durand \u00e0 Grigny. Toujours 3 parcours, mais sur des &hellip; Continuer la lecture &rarr;","_links":{"self":[{"href":"https:\/\/portailsolidarites.fr\/Amicale\/wp-json\/wp\/v2\/posts\/3292","targetHints":{"allow":["GET"]}}],"collection":[{"href":"https:\/\/portailsolidarites.fr\/Amicale\/wp-json\/wp\/v2\/posts"}],"about":[{"href":"https:\/\/portailsolidarites.fr\/Amicale\/wp-json\/wp\/v2\/types\/post"}],"author":[{"embeddable":true,"href":"https:\/\/portailsolidarites.fr\/Amicale\/wp-json\/wp\/v2\/users\/2"}],"replies":[{"embeddable":true,"href":"https:\/\/portailsolidarites.fr\/Amicale\/wp-json\/wp\/v2\/comments?post=3292"}],"version-history":[{"count":0,"href":"https:\/\/portailsolidarites.fr\/Amicale\/wp-json\/wp\/v2\/posts\/3292\/revisions"}],"wp:attachment":[{"href":"https:\/\/portailsolidarites.fr\/Amicale\/wp-json\/wp\/v2\/media?parent=3292"}],"wp:term":[{"taxonomy":"category","embeddable":true,"href":"https:\/\/portailsolidarites.fr\/Amicale\/wp-json\/wp\/v2\/categories?post=3292"},{"taxonomy":"post_tag","embeddable":true,"href":"https:\/\/portailsolidarites.fr\/Amicale\/wp-json\/wp\/v2\/tags?post=3292"}],"curies":[{"name":"wp","href":"https:\/\/api.w.org\/{rel}","templated":true}]}}