{"id":3399,"date":"2019-03-08T10:14:21","date_gmt":"2019-03-08T08:14:21","guid":{"rendered":"http:\/\/portailsolidarites.fr\/amicalelaiquegrigny\/?p=3399"},"modified":"2019-03-08T10:14:21","modified_gmt":"2019-03-08T08:14:21","slug":"concours-de-coinche-23-mars-2019","status":"publish","type":"post","link":"https:\/\/portailsolidarites.fr\/Amicale\/2019\/03\/08\/concours-de-coinche-23-mars-2019\/","title":{"rendered":"Concours de coinche &#8211; 23 mars 2019"},"content":{"rendered":"<p>Un nouveau concours de coinche dans une ambiance conviviale avec , comme toujours, des lots tr\u00e8s appr\u00e9ci\u00e9s.<\/p>\n<p><a href=\"http:\/\/portailsolidarites.fr\/amicalelaiquegrigny\/files\/2019\/03\/affiche-coinche-23-mars-2019.jpg\"><img loading=\"lazy\" decoding=\"async\" class=\"aligncenter size-large wp-image-3400\" src=\"http:\/\/portailsolidarites.fr\/amicalelaiquegrigny\/files\/2019\/03\/affiche-coinche-23-mars-2019-724x1024.jpg\" alt=\"affiche coinche 23 mars 2019\" width=\"640\" height=\"905\" \/><\/a><\/p>\n<p>&nbsp;<\/p>\n","protected":false},"excerpt":{"rendered":"<p>Un nouveau concours de coinche dans une ambiance conviviale avec , comme toujours, des lots tr\u00e8s appr\u00e9ci\u00e9s. &nbsp;<\/p>\n","protected":false},"author":2,"featured_media":0,"comment_status":"open","ping_status":"open","sticky":false,"template":"","format":"standard","meta":{"_uag_custom_page_level_css":"","footnotes":""},"categories":[2],"tags":[],"class_list":["post-3399","post","type-post","status-publish","format-standard","hentry","category-interet-general"],"uagb_featured_image_src":{"full":false,"thumbnail":false,"medium":false,"medium_large":false,"large":false,"1536x1536":false,"2048x2048":false,"post-thumbnail":false},"uagb_author_info":{"display_name":"amicalelaiquegrigny","author_link":"https:\/\/portailsolidarites.fr\/Amicale\/author\/amicalelaiquegrigny\/"},"uagb_comment_info":0,"uagb_excerpt":"Un nouveau concours de coinche dans une ambiance conviviale avec , comme toujours, des lots tr\u00e8s appr\u00e9ci\u00e9s. &nbsp;","_links":{"self":[{"href":"https:\/\/portailsolidarites.fr\/Amicale\/wp-json\/wp\/v2\/posts\/3399","targetHints":{"allow":["GET"]}}],"collection":[{"href":"https:\/\/portailsolidarites.fr\/Amicale\/wp-json\/wp\/v2\/posts"}],"about":[{"href":"https:\/\/portailsolidarites.fr\/Amicale\/wp-json\/wp\/v2\/types\/post"}],"author":[{"embeddable":true,"href":"https:\/\/portailsolidarites.fr\/Amicale\/wp-json\/wp\/v2\/users\/2"}],"replies":[{"embeddable":true,"href":"https:\/\/portailsolidarites.fr\/Amicale\/wp-json\/wp\/v2\/comments?post=3399"}],"version-history":[{"count":0,"href":"https:\/\/portailsolidarites.fr\/Amicale\/wp-json\/wp\/v2\/posts\/3399\/revisions"}],"wp:attachment":[{"href":"https:\/\/portailsolidarites.fr\/Amicale\/wp-json\/wp\/v2\/media?parent=3399"}],"wp:term":[{"taxonomy":"category","embeddable":true,"href":"https:\/\/portailsolidarites.fr\/Amicale\/wp-json\/wp\/v2\/categories?post=3399"},{"taxonomy":"post_tag","embeddable":true,"href":"https:\/\/portailsolidarites.fr\/Amicale\/wp-json\/wp\/v2\/tags?post=3399"}],"curies":[{"name":"wp","href":"https:\/\/api.w.org\/{rel}","templated":true}]}}