{"id":3403,"date":"2019-03-08T10:28:34","date_gmt":"2019-03-08T08:28:34","guid":{"rendered":"http:\/\/portailsolidarites.fr\/amicalelaiquegrigny\/?p=3403"},"modified":"2019-03-08T10:28:34","modified_gmt":"2019-03-08T08:28:34","slug":"bourse-aux-mineraux-30-et-31-mars-2019","status":"publish","type":"post","link":"https:\/\/portailsolidarites.fr\/Amicale\/2019\/03\/08\/bourse-aux-mineraux-30-et-31-mars-2019\/","title":{"rendered":"Bourse aux Min\u00e9raux 30 et 31 mars 2019"},"content":{"rendered":"<p><span style=\"color: #0000ff;\"><em><span style=\"font-size: 14pt;\"><strong>Nouvelle \u00e9dition de cette bourse aux min\u00e9raux toujours passionnante<\/strong><\/span><\/em><\/span><\/p>\n<p><a href=\"http:\/\/portailsolidarites.fr\/amicalelaiquegrigny\/files\/2019\/03\/affiche-min\u00e9raux-2019-r\u00e9duite.jpg\"><img loading=\"lazy\" decoding=\"async\" class=\"aligncenter wp-image-3404\" src=\"http:\/\/portailsolidarites.fr\/amicalelaiquegrigny\/files\/2019\/03\/affiche-min\u00e9raux-2019-r\u00e9duite.jpg\" alt=\"affiche min\u00e9raux 2019\" width=\"480\" height=\"660\" \/><\/a><\/p>\n<p>Organis\u00e9e par les b\u00e9n\u00e9voles de l&rsquo;Amicale La\u00efque, en partenariat avec la municipalit\u00e9, l&rsquo;\u00e9dition 2019 accueillera plus de 20 exposants proposant des min\u00e9raux et fossiles du monde entier.<\/p>\n<p>Comme d&rsquo;habitude, la section \u00ab\u00a0Min\u00e9raux\u00a0\u00bb de l&rsquo;Amicale pr\u00e9sentera une exposition dont le th\u00e8me, cette ann\u00e9e, devrait int\u00e9resser beaucoup de monde puisqu&rsquo;il s&rsquo;agit des<strong> \u00ab\u00a0Volcanisme et min\u00e9raux\u00a0\u00bb.<\/strong><\/p>\n<p>Un <strong>atelier de micromin\u00e9ralogie<\/strong>, organis\u00e9 en collaboration avec l&rsquo;Association fran\u00e7aise de Micromin\u00e9ralogie permettra aux curieux d&rsquo;observer de magnifiques micromin\u00e9raux \u00e0 la loupe binoculaire.<\/p>\n<p>Tarifs:<br \/>\n&#8211; gratuit pour les enfants de moins de 6 ans,<br \/>\n&#8211; 1 \u20ac de 6 \u00e0 14 ans,<br \/>\n&#8211; 3\u20ac pour les plus de 14 ans et adultes.<\/p>\n<p>&nbsp;<\/p>\n","protected":false},"excerpt":{"rendered":"<p>Nouvelle \u00e9dition de cette bourse aux min\u00e9raux toujours passionnante Organis\u00e9e par les b\u00e9n\u00e9voles de l&rsquo;Amicale La\u00efque, en partenariat avec la municipalit\u00e9, l&rsquo;\u00e9dition 2019 accueillera plus de 20 exposants proposant des min\u00e9raux et fossiles du monde entier. Comme d&rsquo;habitude, la section &hellip; <a href=\"https:\/\/portailsolidarites.fr\/Amicale\/2019\/03\/08\/bourse-aux-mineraux-30-et-31-mars-2019\/\">Continuer la lecture <span class=\"meta-nav\">&rarr;<\/span><\/a><\/p>\n","protected":false},"author":2,"featured_media":0,"comment_status":"open","ping_status":"open","sticky":false,"template":"","format":"standard","meta":{"_uag_custom_page_level_css":"","footnotes":""},"categories":[2,17],"tags":[60,78],"class_list":["post-3403","post","type-post","status-publish","format-standard","hentry","category-interet-general","category-mineralogie","tag-exposition","tag-mineraux"],"uagb_featured_image_src":{"full":false,"thumbnail":false,"medium":false,"medium_large":false,"large":false,"1536x1536":false,"2048x2048":false,"post-thumbnail":false},"uagb_author_info":{"display_name":"amicalelaiquegrigny","author_link":"https:\/\/portailsolidarites.fr\/Amicale\/author\/amicalelaiquegrigny\/"},"uagb_comment_info":0,"uagb_excerpt":"Nouvelle \u00e9dition de cette bourse aux min\u00e9raux toujours passionnante Organis\u00e9e par les b\u00e9n\u00e9voles de l&rsquo;Amicale La\u00efque, en partenariat avec la municipalit\u00e9, l&rsquo;\u00e9dition 2019 accueillera plus de 20 exposants proposant des min\u00e9raux et fossiles du monde entier. Comme d&rsquo;habitude, la section &hellip; Continuer la lecture &rarr;","_links":{"self":[{"href":"https:\/\/portailsolidarites.fr\/Amicale\/wp-json\/wp\/v2\/posts\/3403","targetHints":{"allow":["GET"]}}],"collection":[{"href":"https:\/\/portailsolidarites.fr\/Amicale\/wp-json\/wp\/v2\/posts"}],"about":[{"href":"https:\/\/portailsolidarites.fr\/Amicale\/wp-json\/wp\/v2\/types\/post"}],"author":[{"embeddable":true,"href":"https:\/\/portailsolidarites.fr\/Amicale\/wp-json\/wp\/v2\/users\/2"}],"replies":[{"embeddable":true,"href":"https:\/\/portailsolidarites.fr\/Amicale\/wp-json\/wp\/v2\/comments?post=3403"}],"version-history":[{"count":0,"href":"https:\/\/portailsolidarites.fr\/Amicale\/wp-json\/wp\/v2\/posts\/3403\/revisions"}],"wp:attachment":[{"href":"https:\/\/portailsolidarites.fr\/Amicale\/wp-json\/wp\/v2\/media?parent=3403"}],"wp:term":[{"taxonomy":"category","embeddable":true,"href":"https:\/\/portailsolidarites.fr\/Amicale\/wp-json\/wp\/v2\/categories?post=3403"},{"taxonomy":"post_tag","embeddable":true,"href":"https:\/\/portailsolidarites.fr\/Amicale\/wp-json\/wp\/v2\/tags?post=3403"}],"curies":[{"name":"wp","href":"https:\/\/api.w.org\/{rel}","templated":true}]}}