{"id":3482,"date":"2020-02-21T15:55:46","date_gmt":"2020-02-21T13:55:46","guid":{"rendered":"http:\/\/portailsolidarites.fr\/amicalelaiquegrigny\/?p=3482"},"modified":"2020-02-21T15:55:46","modified_gmt":"2020-02-21T13:55:46","slug":"bourse-aux-mineraux-28-et-29-mars-2020","status":"publish","type":"post","link":"https:\/\/portailsolidarites.fr\/Amicale\/2020\/02\/21\/bourse-aux-mineraux-28-et-29-mars-2020\/","title":{"rendered":"Bourse aux min\u00e9raux -28 et 29 mars 2020"},"content":{"rendered":"<p><span style=\"color: #ff0000;\"><em><span style=\"font-size: 14pt;\">Nota: cette manifestation a malheureusement d\u00fb \u00eatre annul\u00e9e<br \/>\n(cause: pand\u00e9mie)<\/span><\/em><\/span><\/p>\n<p>La 38e \u00e9dition de notre Bourse aux min\u00e9raux aura lieu les 28 et 29 mars 2020,<br \/>\navec une exposition de gemmes (\u00ab\u00a0des min\u00e9raux pour les joailliers\u00a0\u00bb).<\/p>\n<p><a href=\"http:\/\/portailsolidarites.fr\/amicalelaiquegrigny\/files\/2020\/02\/affiche-bourse-2020.jpg\"><img loading=\"lazy\" decoding=\"async\" class=\"aligncenter size-full wp-image-3483\" src=\"http:\/\/portailsolidarites.fr\/amicalelaiquegrigny\/files\/2020\/02\/affiche-bourse-2020.jpg\" alt=\"\" width=\"451\" height=\"640\" \/><\/a><a href=\"http:\/\/portailsolidarites.fr\/amicalelaiquegrigny\/files\/2020\/02\/Texte-Bourse-2020.jpg\"><img loading=\"lazy\" decoding=\"async\" class=\"aligncenter size-full wp-image-3484\" src=\"http:\/\/portailsolidarites.fr\/amicalelaiquegrigny\/files\/2020\/02\/Texte-Bourse-2020.jpg\" alt=\"\" width=\"1018\" height=\"393\" \/><\/a><\/p>\n<p>&nbsp;<\/p>\n","protected":false},"excerpt":{"rendered":"<p>Nota: cette manifestation a malheureusement d\u00fb \u00eatre annul\u00e9e (cause: pand\u00e9mie) La 38e \u00e9dition de notre Bourse aux min\u00e9raux aura lieu les 28 et 29 mars 2020, avec une exposition de gemmes (\u00ab\u00a0des min\u00e9raux pour les joailliers\u00a0\u00bb). &nbsp;<\/p>\n","protected":false},"author":2,"featured_media":0,"comment_status":"open","ping_status":"open","sticky":false,"template":"","format":"standard","meta":{"_uag_custom_page_level_css":"","footnotes":""},"categories":[2,17],"tags":[],"class_list":["post-3482","post","type-post","status-publish","format-standard","hentry","category-interet-general","category-mineralogie"],"uagb_featured_image_src":{"full":false,"thumbnail":false,"medium":false,"medium_large":false,"large":false,"1536x1536":false,"2048x2048":false,"post-thumbnail":false},"uagb_author_info":{"display_name":"amicalelaiquegrigny","author_link":"https:\/\/portailsolidarites.fr\/Amicale\/author\/amicalelaiquegrigny\/"},"uagb_comment_info":0,"uagb_excerpt":"Nota: cette manifestation a malheureusement d\u00fb \u00eatre annul\u00e9e (cause: pand\u00e9mie) La 38e \u00e9dition de notre Bourse aux min\u00e9raux aura lieu les 28 et 29 mars 2020, avec une exposition de gemmes (\u00ab\u00a0des min\u00e9raux pour les joailliers\u00a0\u00bb). &nbsp;","_links":{"self":[{"href":"https:\/\/portailsolidarites.fr\/Amicale\/wp-json\/wp\/v2\/posts\/3482","targetHints":{"allow":["GET"]}}],"collection":[{"href":"https:\/\/portailsolidarites.fr\/Amicale\/wp-json\/wp\/v2\/posts"}],"about":[{"href":"https:\/\/portailsolidarites.fr\/Amicale\/wp-json\/wp\/v2\/types\/post"}],"author":[{"embeddable":true,"href":"https:\/\/portailsolidarites.fr\/Amicale\/wp-json\/wp\/v2\/users\/2"}],"replies":[{"embeddable":true,"href":"https:\/\/portailsolidarites.fr\/Amicale\/wp-json\/wp\/v2\/comments?post=3482"}],"version-history":[{"count":0,"href":"https:\/\/portailsolidarites.fr\/Amicale\/wp-json\/wp\/v2\/posts\/3482\/revisions"}],"wp:attachment":[{"href":"https:\/\/portailsolidarites.fr\/Amicale\/wp-json\/wp\/v2\/media?parent=3482"}],"wp:term":[{"taxonomy":"category","embeddable":true,"href":"https:\/\/portailsolidarites.fr\/Amicale\/wp-json\/wp\/v2\/categories?post=3482"},{"taxonomy":"post_tag","embeddable":true,"href":"https:\/\/portailsolidarites.fr\/Amicale\/wp-json\/wp\/v2\/tags?post=3482"}],"curies":[{"name":"wp","href":"https:\/\/api.w.org\/{rel}","templated":true}]}}