{"id":3756,"date":"2023-12-02T12:07:09","date_gmt":"2023-12-02T10:07:09","guid":{"rendered":"http:\/\/portailsolidarites.fr\/amicalelaiquegrigny\/?p=3756"},"modified":"2023-12-02T12:07:09","modified_gmt":"2023-12-02T10:07:09","slug":"deces-dandre-fonfreide-section-arts-plastiques","status":"publish","type":"post","link":"https:\/\/portailsolidarites.fr\/Amicale\/2023\/12\/02\/deces-dandre-fonfreide-section-arts-plastiques\/","title":{"rendered":"D\u00e9c\u00e8s d&rsquo;Andr\u00e9 Fonfreide (section Arts Plastiques)"},"content":{"rendered":"<p>C\u2019est avec une grande tristesse que nous avons appris le d\u00e9c\u00e8s brutal<br \/>\nd\u2019Andr\u00e9 FONFREIDE, le 30 novembre 2023.<\/p>\n<p>Andr\u00e9 \u00e9tait adh\u00e9rent \u00e0 la section Arts Plastiques.<br \/>\nIl peignait avec talent des paysages et particuli\u00e8rement des paysages d\u2019automne.<\/p>\n<p><a href=\"http:\/\/portailsolidarites.fr\/amicalelaiquegrigny\/files\/2023\/12\/tableau-Andre.jpg\"><img loading=\"lazy\" decoding=\"async\" class=\"aligncenter  wp-image-3751\" src=\"http:\/\/portailsolidarites.fr\/amicalelaiquegrigny\/files\/2023\/12\/tableau-Andre-252x300.jpg\" alt=\"\" width=\"227\" height=\"252\" \/><\/a><br \/>\nIl participait \u00e0 nos expositions annuelles o\u00f9 ses tableaux \u00e9taient tr\u00e8s appr\u00e9ci\u00e9s des visiteurs.<br \/>\nIl laisse un grand vide dans le coeur de ses amis de la section Arts Plastiques.<br \/>\nCondol\u00e9ances \u00e0 son \u00e9pouse et \u00e0 sa famille.<br \/>\nCi-dessous l\u2019avis de d\u00e9c\u00e8s:<\/p>\n<p><a href=\"http:\/\/portailsolidarites.fr\/amicalelaiquegrigny\/files\/2023\/12\/Avis-de-deces-Andre-Fonfreide.jpg\"><img loading=\"lazy\" decoding=\"async\" class=\"aligncenter  wp-image-3753\" src=\"http:\/\/portailsolidarites.fr\/amicalelaiquegrigny\/files\/2023\/12\/Avis-de-deces-Andre-Fonfreide-267x300.jpg\" alt=\"\" width=\"250\" height=\"249\" \/><\/a><\/p>\n<p>&nbsp;<\/p>\n","protected":false},"excerpt":{"rendered":"<p>C\u2019est avec une grande tristesse que nous avons appris le d\u00e9c\u00e8s brutal d\u2019Andr\u00e9 FONFREIDE, le 30 novembre 2023. Andr\u00e9 \u00e9tait adh\u00e9rent \u00e0 la section Arts Plastiques. Il peignait avec talent des paysages et particuli\u00e8rement des paysages d\u2019automne. Il participait \u00e0 &hellip; <a href=\"https:\/\/portailsolidarites.fr\/Amicale\/2023\/12\/02\/deces-dandre-fonfreide-section-arts-plastiques\/\">Continuer la lecture <span class=\"meta-nav\">&rarr;<\/span><\/a><\/p>\n","protected":false},"author":2,"featured_media":0,"comment_status":"open","ping_status":"open","sticky":false,"template":"","format":"standard","meta":{"_uag_custom_page_level_css":"","footnotes":""},"categories":[2,3,16],"tags":[60,82],"class_list":["post-3756","post","type-post","status-publish","format-standard","hentry","category-interet-general","category-arts-plastiques","category-memoire","tag-exposition","tag-peinture"],"uagb_featured_image_src":{"full":false,"thumbnail":false,"medium":false,"medium_large":false,"large":false,"1536x1536":false,"2048x2048":false,"post-thumbnail":false},"uagb_author_info":{"display_name":"amicalelaiquegrigny","author_link":"https:\/\/portailsolidarites.fr\/Amicale\/author\/amicalelaiquegrigny\/"},"uagb_comment_info":0,"uagb_excerpt":"C\u2019est avec une grande tristesse que nous avons appris le d\u00e9c\u00e8s brutal d\u2019Andr\u00e9 FONFREIDE, le 30 novembre 2023. Andr\u00e9 \u00e9tait adh\u00e9rent \u00e0 la section Arts Plastiques. Il peignait avec talent des paysages et particuli\u00e8rement des paysages d\u2019automne. Il participait \u00e0 &hellip; Continuer la lecture &rarr;","_links":{"self":[{"href":"https:\/\/portailsolidarites.fr\/Amicale\/wp-json\/wp\/v2\/posts\/3756","targetHints":{"allow":["GET"]}}],"collection":[{"href":"https:\/\/portailsolidarites.fr\/Amicale\/wp-json\/wp\/v2\/posts"}],"about":[{"href":"https:\/\/portailsolidarites.fr\/Amicale\/wp-json\/wp\/v2\/types\/post"}],"author":[{"embeddable":true,"href":"https:\/\/portailsolidarites.fr\/Amicale\/wp-json\/wp\/v2\/users\/2"}],"replies":[{"embeddable":true,"href":"https:\/\/portailsolidarites.fr\/Amicale\/wp-json\/wp\/v2\/comments?post=3756"}],"version-history":[{"count":0,"href":"https:\/\/portailsolidarites.fr\/Amicale\/wp-json\/wp\/v2\/posts\/3756\/revisions"}],"wp:attachment":[{"href":"https:\/\/portailsolidarites.fr\/Amicale\/wp-json\/wp\/v2\/media?parent=3756"}],"wp:term":[{"taxonomy":"category","embeddable":true,"href":"https:\/\/portailsolidarites.fr\/Amicale\/wp-json\/wp\/v2\/categories?post=3756"},{"taxonomy":"post_tag","embeddable":true,"href":"https:\/\/portailsolidarites.fr\/Amicale\/wp-json\/wp\/v2\/tags?post=3756"}],"curies":[{"name":"wp","href":"https:\/\/api.w.org\/{rel}","templated":true}]}}