{"id":4006,"date":"2026-04-30T14:12:11","date_gmt":"2026-04-30T12:12:11","guid":{"rendered":"https:\/\/portailsolidarites.fr\/Amicale\/?p=4006"},"modified":"2026-04-30T14:12:11","modified_gmt":"2026-04-30T12:12:11","slug":"expo-peinture-du-23-au-26-mai-2026","status":"publish","type":"post","link":"https:\/\/portailsolidarites.fr\/Amicale\/2026\/04\/30\/expo-peinture-du-23-au-26-mai-2026\/","title":{"rendered":"Expo peinture du 23 au 26 mai 2026"},"content":{"rendered":"<p>Attention!<br \/>\nCette ann\u00e9e, l&rsquo;expo commence samedi apr\u00e8s-midi.<br \/>\nVernissage: samedi soir \u00e0 18h.<\/p>\n<p><img loading=\"lazy\" decoding=\"async\" class=\"aligncenter size-large wp-image-4004\" src=\"https:\/\/portailsolidarites.fr\/Amicale\/wp-content\/uploads\/2026\/04\/Affiche-expo-2026-724x1024.jpg\" alt=\"\" width=\"640\" height=\"905\" srcset=\"https:\/\/portailsolidarites.fr\/Amicale\/wp-content\/uploads\/2026\/04\/Affiche-expo-2026-724x1024.jpg 724w, https:\/\/portailsolidarites.fr\/Amicale\/wp-content\/uploads\/2026\/04\/Affiche-expo-2026-212x300.jpg 212w, https:\/\/portailsolidarites.fr\/Amicale\/wp-content\/uploads\/2026\/04\/Affiche-expo-2026-768x1086.jpg 768w, https:\/\/portailsolidarites.fr\/Amicale\/wp-content\/uploads\/2026\/04\/Affiche-expo-2026.jpg 794w\" sizes=\"auto, (max-width: 640px) 100vw, 640px\" \/><\/p>\n","protected":false},"excerpt":{"rendered":"<p>Attention! Cette ann\u00e9e, l&rsquo;expo commence samedi apr\u00e8s-midi. Vernissage: samedi soir \u00e0 18h.<\/p>\n","protected":false},"author":2,"featured_media":0,"comment_status":"open","ping_status":"open","sticky":false,"template":"","format":"standard","meta":{"_uag_custom_page_level_css":"","footnotes":""},"categories":[1],"tags":[],"class_list":["post-4006","post","type-post","status-publish","format-standard","hentry","category-non-classe"],"uagb_featured_image_src":{"full":false,"thumbnail":false,"medium":false,"medium_large":false,"large":false,"1536x1536":false,"2048x2048":false,"post-thumbnail":false},"uagb_author_info":{"display_name":"amicalelaiquegrigny","author_link":"https:\/\/portailsolidarites.fr\/Amicale\/author\/amicalelaiquegrigny\/"},"uagb_comment_info":0,"uagb_excerpt":"Attention! Cette ann\u00e9e, l&rsquo;expo commence samedi apr\u00e8s-midi. Vernissage: samedi soir \u00e0 18h.","_links":{"self":[{"href":"https:\/\/portailsolidarites.fr\/Amicale\/wp-json\/wp\/v2\/posts\/4006","targetHints":{"allow":["GET"]}}],"collection":[{"href":"https:\/\/portailsolidarites.fr\/Amicale\/wp-json\/wp\/v2\/posts"}],"about":[{"href":"https:\/\/portailsolidarites.fr\/Amicale\/wp-json\/wp\/v2\/types\/post"}],"author":[{"embeddable":true,"href":"https:\/\/portailsolidarites.fr\/Amicale\/wp-json\/wp\/v2\/users\/2"}],"replies":[{"embeddable":true,"href":"https:\/\/portailsolidarites.fr\/Amicale\/wp-json\/wp\/v2\/comments?post=4006"}],"version-history":[{"count":2,"href":"https:\/\/portailsolidarites.fr\/Amicale\/wp-json\/wp\/v2\/posts\/4006\/revisions"}],"predecessor-version":[{"id":4008,"href":"https:\/\/portailsolidarites.fr\/Amicale\/wp-json\/wp\/v2\/posts\/4006\/revisions\/4008"}],"wp:attachment":[{"href":"https:\/\/portailsolidarites.fr\/Amicale\/wp-json\/wp\/v2\/media?parent=4006"}],"wp:term":[{"taxonomy":"category","embeddable":true,"href":"https:\/\/portailsolidarites.fr\/Amicale\/wp-json\/wp\/v2\/categories?post=4006"},{"taxonomy":"post_tag","embeddable":true,"href":"https:\/\/portailsolidarites.fr\/Amicale\/wp-json\/wp\/v2\/tags?post=4006"}],"curies":[{"name":"wp","href":"https:\/\/api.w.org\/{rel}","templated":true}]}}