{"id":576,"date":"2012-03-23T09:01:56","date_gmt":"2012-03-23T07:01:56","guid":{"rendered":"http:\/\/portailsolidarites.fr\/amicalelaiquegrigny\/?p=576"},"modified":"2012-03-23T09:01:56","modified_gmt":"2012-03-23T07:01:56","slug":"bourse-aux-mineraux-2012","status":"publish","type":"post","link":"https:\/\/portailsolidarites.fr\/Amicale\/2012\/03\/23\/bourse-aux-mineraux-2012\/","title":{"rendered":"Bourse aux min\u00e9raux 2012"},"content":{"rendered":"<p><a href=\"http:\/\/portailsolidarites.fr\/amicalelaiquegrigny\/files\/2012\/03\/Affiche-Bourse-aux-min\u00e9raux-2012.jpg\"><img loading=\"lazy\" decoding=\"async\" class=\"aligncenter size-full wp-image-577\" src=\"http:\/\/portailsolidarites.fr\/amicalelaiquegrigny\/files\/2012\/03\/Affiche-Bourse-aux-min\u00e9raux-2012.jpg\" alt=\"\" width=\"340\" height=\"465\" \/><\/a><\/p>\n<p>&nbsp;<\/p>\n<p>L&rsquo;Association Fran\u00e7aise de Micromin\u00e9ralogie (AFM) \u00e9tait pr\u00e9sente les 11 et 12 mars:<\/p>\n<p>\u00a0<a href=\"http:\/\/portailsolidarites.fr\/amicalelaiquegrigny\/files\/2012\/03\/Bourse-aux-min\u00e9raux-AFM-21.jpg\"><img loading=\"lazy\" decoding=\"async\" class=\"aligncenter size-full wp-image-586\" src=\"http:\/\/portailsolidarites.fr\/amicalelaiquegrigny\/files\/2012\/03\/Bourse-aux-min\u00e9raux-AFM-21.jpg\" alt=\"\" width=\"640\" height=\"480\" \/><\/a><\/p>\n<p>&nbsp;<\/p>\n<p>\u00a0<a href=\"http:\/\/portailsolidarites.fr\/amicalelaiquegrigny\/files\/2012\/03\/Bourse-aux-min\u00e9raux-AFM1.jpg\"><img loading=\"lazy\" decoding=\"async\" class=\"aligncenter size-full wp-image-587\" src=\"http:\/\/portailsolidarites.fr\/amicalelaiquegrigny\/files\/2012\/03\/Bourse-aux-min\u00e9raux-AFM1.jpg\" alt=\"\" width=\"565\" height=\"392\" \/><\/a><\/p>\n<p>&nbsp;<\/p>\n<p><a href=\"http:\/\/portailsolidarites.fr\/amicalelaiquegrigny\/files\/2012\/03\/Bourse-aux-min\u00e9raux-AFM-3.jpg\"><img loading=\"lazy\" decoding=\"async\" class=\"aligncenter size-full wp-image-588\" src=\"http:\/\/portailsolidarites.fr\/amicalelaiquegrigny\/files\/2012\/03\/Bourse-aux-min\u00e9raux-AFM-3.jpg\" alt=\"\" width=\"640\" height=\"480\" \/><\/a><\/p>\n<p>\u00a0<a href=\"http:\/\/portailsolidarites.fr\/amicalelaiquegrigny\/files\/2012\/03\/Bourse-min\u00e9raux-6-dessins-Ecoles.jpg\"><img loading=\"lazy\" decoding=\"async\" class=\"alignright size-large wp-image-756\" src=\"http:\/\/portailsolidarites.fr\/amicalelaiquegrigny\/files\/2012\/03\/Bourse-min\u00e9raux-6-dessins-Ecoles-724x1024.jpg\" alt=\"\" width=\"640\" height=\"905\" \/><\/a><\/p>\n","protected":false},"excerpt":{"rendered":"<p>&nbsp; L&rsquo;Association Fran\u00e7aise de Micromin\u00e9ralogie (AFM) \u00e9tait pr\u00e9sente les 11 et 12 mars: \u00a0 &nbsp; \u00a0 &nbsp; \u00a0<\/p>\n","protected":false},"author":2,"featured_media":0,"comment_status":"open","ping_status":"open","sticky":false,"template":"","format":"standard","meta":{"_uag_custom_page_level_css":"","footnotes":""},"categories":[2,17],"tags":[],"class_list":["post-576","post","type-post","status-publish","format-standard","hentry","category-interet-general","category-mineralogie"],"uagb_featured_image_src":{"full":false,"thumbnail":false,"medium":false,"medium_large":false,"large":false,"1536x1536":false,"2048x2048":false,"post-thumbnail":false},"uagb_author_info":{"display_name":"amicalelaiquegrigny","author_link":"https:\/\/portailsolidarites.fr\/Amicale\/author\/amicalelaiquegrigny\/"},"uagb_comment_info":0,"uagb_excerpt":"&nbsp; L&rsquo;Association Fran\u00e7aise de Micromin\u00e9ralogie (AFM) \u00e9tait pr\u00e9sente les 11 et 12 mars: \u00a0 &nbsp; \u00a0 &nbsp; \u00a0","_links":{"self":[{"href":"https:\/\/portailsolidarites.fr\/Amicale\/wp-json\/wp\/v2\/posts\/576","targetHints":{"allow":["GET"]}}],"collection":[{"href":"https:\/\/portailsolidarites.fr\/Amicale\/wp-json\/wp\/v2\/posts"}],"about":[{"href":"https:\/\/portailsolidarites.fr\/Amicale\/wp-json\/wp\/v2\/types\/post"}],"author":[{"embeddable":true,"href":"https:\/\/portailsolidarites.fr\/Amicale\/wp-json\/wp\/v2\/users\/2"}],"replies":[{"embeddable":true,"href":"https:\/\/portailsolidarites.fr\/Amicale\/wp-json\/wp\/v2\/comments?post=576"}],"version-history":[{"count":0,"href":"https:\/\/portailsolidarites.fr\/Amicale\/wp-json\/wp\/v2\/posts\/576\/revisions"}],"wp:attachment":[{"href":"https:\/\/portailsolidarites.fr\/Amicale\/wp-json\/wp\/v2\/media?parent=576"}],"wp:term":[{"taxonomy":"category","embeddable":true,"href":"https:\/\/portailsolidarites.fr\/Amicale\/wp-json\/wp\/v2\/categories?post=576"},{"taxonomy":"post_tag","embeddable":true,"href":"https:\/\/portailsolidarites.fr\/Amicale\/wp-json\/wp\/v2\/tags?post=576"}],"curies":[{"name":"wp","href":"https:\/\/api.w.org\/{rel}","templated":true}]}}