{"id":707,"date":"2012-03-20T09:45:43","date_gmt":"2012-03-20T08:45:43","guid":{"rendered":"http:\/\/portailsolidarites.fr\/amicalelaiquegrigny\/?p=707"},"modified":"2012-03-20T09:45:43","modified_gmt":"2012-03-20T08:45:43","slug":"les-90-ans-de-lamicale-avril-2010","status":"publish","type":"post","link":"https:\/\/portailsolidarites.fr\/Amicale\/2012\/03\/20\/les-90-ans-de-lamicale-avril-2010\/","title":{"rendered":"les 90 ans de l&rsquo;Amicale (avril 2010)"},"content":{"rendered":"<p>L&rsquo;ALG avait d\u00e9ploy\u00e9 les grands moyens pour f\u00eater ses 90 ans d&rsquo;existence<\/p>\n<p><a href=\"http:\/\/www.vive-fr.org\/node\/401\"><strong>Voir la video r\u00e9alis\u00e9e par ViV\u00e9<\/strong><\/a><\/p>\n","protected":false},"excerpt":{"rendered":"<p>L&rsquo;ALG avait d\u00e9ploy\u00e9 les grands moyens pour f\u00eater ses 90 ans d&rsquo;existence Voir la video r\u00e9alis\u00e9e par ViV\u00e9<\/p>\n","protected":false},"author":2,"featured_media":0,"comment_status":"open","ping_status":"open","sticky":false,"template":"","format":"standard","meta":{"_uag_custom_page_level_css":"","footnotes":""},"categories":[2],"tags":[],"class_list":["post-707","post","type-post","status-publish","format-standard","hentry","category-interet-general"],"uagb_featured_image_src":{"full":false,"thumbnail":false,"medium":false,"medium_large":false,"large":false,"1536x1536":false,"2048x2048":false,"post-thumbnail":false},"uagb_author_info":{"display_name":"amicalelaiquegrigny","author_link":"https:\/\/portailsolidarites.fr\/Amicale\/author\/amicalelaiquegrigny\/"},"uagb_comment_info":0,"uagb_excerpt":"L&rsquo;ALG avait d\u00e9ploy\u00e9 les grands moyens pour f\u00eater ses 90 ans d&rsquo;existence Voir la video r\u00e9alis\u00e9e par ViV\u00e9","_links":{"self":[{"href":"https:\/\/portailsolidarites.fr\/Amicale\/wp-json\/wp\/v2\/posts\/707","targetHints":{"allow":["GET"]}}],"collection":[{"href":"https:\/\/portailsolidarites.fr\/Amicale\/wp-json\/wp\/v2\/posts"}],"about":[{"href":"https:\/\/portailsolidarites.fr\/Amicale\/wp-json\/wp\/v2\/types\/post"}],"author":[{"embeddable":true,"href":"https:\/\/portailsolidarites.fr\/Amicale\/wp-json\/wp\/v2\/users\/2"}],"replies":[{"embeddable":true,"href":"https:\/\/portailsolidarites.fr\/Amicale\/wp-json\/wp\/v2\/comments?post=707"}],"version-history":[{"count":0,"href":"https:\/\/portailsolidarites.fr\/Amicale\/wp-json\/wp\/v2\/posts\/707\/revisions"}],"wp:attachment":[{"href":"https:\/\/portailsolidarites.fr\/Amicale\/wp-json\/wp\/v2\/media?parent=707"}],"wp:term":[{"taxonomy":"category","embeddable":true,"href":"https:\/\/portailsolidarites.fr\/Amicale\/wp-json\/wp\/v2\/categories?post=707"},{"taxonomy":"post_tag","embeddable":true,"href":"https:\/\/portailsolidarites.fr\/Amicale\/wp-json\/wp\/v2\/tags?post=707"}],"curies":[{"name":"wp","href":"https:\/\/api.w.org\/{rel}","templated":true}]}}