{"id":3226,"date":"2018-10-20T17:01:59","date_gmt":"2018-10-20T15:01:59","guid":{"rendered":"http:\/\/portailsolidarites.fr\/grigny-koupela\/?p=3226"},"modified":"2018-10-20T17:01:59","modified_gmt":"2018-10-20T15:01:59","slug":"salon-des-vins-annuel-de-grigny","status":"publish","type":"post","link":"https:\/\/portailsolidarites.fr\/Koupela\/2018\/10\/20\/salon-des-vins-annuel-de-grigny\/","title":{"rendered":"Salon des vins annuel de Grigny"},"content":{"rendered":"<p><a href=\"http:\/\/portailsolidarites.fr\/grigny-koupela\/files\/2018\/10\/Salon.png\"><img loading=\"lazy\" decoding=\"async\" class=\"aligncenter wp-image-3228 size-large\" src=\"http:\/\/portailsolidarites.fr\/grigny-koupela\/files\/2018\/10\/Salon-707x1024.png\" alt=\"\" width=\"640\" height=\"927\" \/><\/a><strong><span style=\"color: #ff0000;\">Convivialit\u00e9, solidarit\u00e9 et fid\u00e9lit\u00e9 !<\/span><\/strong><\/p>\n<p>22 \u00e8me \u00e9dition, organis\u00e9e par le Comit\u00e9 de Jumelage Grigny\/Koupela en partenariat avec la municipalit\u00e9 de Grigny.<br \/>\nLes viticulteurs et les artisans de produits du terroir, venus des quatre coins de l\u2019Hexagone, ont r\u00e9pondu une nouvelle fois pr\u00e9sents pour participer \u00e0 ce salon solidaire.<\/p>\n<p><strong><span style=\"color: #ff0000;\">Le Plan triennal 2016-2018 se poursuit<\/span><\/strong><br \/>\nCe plan est soutenu par le Minist\u00e8re des Affaires Etrang\u00e8res et du D\u00e9veloppement International, le Fonds Eau de la M\u00e9tropole de Lyon et les villes de Koupela et Grigny.<br \/>\nDepuis 2016, diverses actions ont eu lieu :<br \/>\n&#8211; r\u00e9alisation de 4 forages,<br \/>\n&#8211; construction de 10 latrines Ecosan (r\u00e9cup\u00e9ration des excr\u00e9tas et des urines pour l\u2019agriculture),<br \/>\n&#8211; divers programmes de formation en direction des diff\u00e9rents acteurs locaux.<br \/>\nL\u2019ann\u00e9e 2018 a vu les actions suivantes se concr\u00e9tiser :<br \/>\n&#8211; construction de 20 latrines familiales et 14 en cours d\u2019attribution ,<br \/>\n&#8211; soutien \u00e0 l\u2019activit\u00e9 poterie des femmes de Toulgou et Tibin (livraison de mat\u00e9riel, de charrettes et d\u2019\u00e2nes),<br \/>\n&#8211; soutien \u00e0 l\u2019agro \u00e9cologie (fosses fumi\u00e8res pour la fabrication de compost pour 10 agriculteurs de Toulgou qui donnent, d\u00e9j\u00e0, de tr\u00e8s bons r\u00e9sultats),<br \/>\n&#8211; \u00e9quipement en mat\u00e9riel et formation des femmes de Naftenga pour la fabrication de savon au beurre de karit\u00e9).<\/p>\n<p><strong>Les b\u00e9n\u00e9fices de ce salon permettent le financement de ces projets.<\/strong><\/p>\n<p>&nbsp;<\/p>\n<div id=\"attachment_3231\" style=\"width: 294px\" class=\"wp-caption aligncenter\"><a href=\"http:\/\/portailsolidarites.fr\/grigny-koupela\/files\/2018\/10\/Ma\u00e7onnerie.png\"><img loading=\"lazy\" decoding=\"async\" aria-describedby=\"caption-attachment-3231\" class=\"size-full wp-image-3231\" src=\"http:\/\/portailsolidarites.fr\/grigny-koupela\/files\/2018\/10\/Ma\u00e7onnerie.png\" alt=\"\" width=\"284\" height=\"210\" \/><\/a><p id=\"caption-attachment-3231\" class=\"wp-caption-text\"><em><strong>Les latrines Ecossan<br \/><\/strong><\/em><\/p><\/div>\n<p><a href=\"http:\/\/portailsolidarites.fr\/grigny-koupela\/files\/2018\/10\/poteries.png\"><img loading=\"lazy\" decoding=\"async\" class=\"size-medium wp-image-3232\" src=\"http:\/\/portailsolidarites.fr\/grigny-koupela\/files\/2018\/10\/poteries-300x168.png\" alt=\"\" width=\"300\" height=\"168\" \/><\/a><\/p>\n<p><strong><span style=\"color: #ff0000;\">Parrainages cantines<\/span><\/strong><\/p>\n<p>Le Comit\u00e9 a construit 3 cantines (au gaz pour \u00e9conomiser le bois de chauffe) qui fournissent 1 repas \u00e0 plus de 1 900 enfants. Moyennant 4, 6, 8 \u20ac ou plus, des parrains soutiennent ces cantines pour l\u2018achat des aliments.<br \/>\nVous pouvez les rejoindre !(re\u00e7u fiscal envoy\u00e9 en mars 2019)<\/p>\n<p><strong><span style=\"color: #ff0000;\">Genevi\u00e8ve Gonzato T. 04 78 46 24 20<\/span><\/strong><br \/>\n<strong><span style=\"color: #ff0000;\">Annie Jequier T. 04 78 73 38 88<\/span><\/strong><\/p>\n<p>&nbsp;<\/p>\n<p><a href=\"http:\/\/portailsolidarites.fr\/grigny-koupela\/files\/2018\/10\/enfant.png\"><img loading=\"lazy\" decoding=\"async\" class=\"size-full wp-image-3235 alignright\" src=\"http:\/\/portailsolidarites.fr\/grigny-koupela\/files\/2018\/10\/enfant.png\" alt=\"\" width=\"155\" height=\"207\" \/><\/a><\/p>\n<p>&nbsp;<\/p>\n<p><strong>Les viticulteurs<\/strong><\/p>\n<p>\u2022 Alsace<span style=\"color: #ff0000;\"> P. Koch &amp; Fils<\/span><br \/>\n\u2022 Anjou, Coteaux de l\u2019Aubance<span style=\"color: #ff0000;\"> H. Papin<\/span><br \/>\n\u2022 Bordeaux, Haut-M\u00e9doc, Pauillac<span style=\"color: #ff0000;\"> H. Musso<br \/>\n<span style=\"color: #000000;\">Mne St Emilion, POmerol,Lalande de Pomerol<\/span> M.gintrac-Janoueix<br \/>\n<\/span>\u2022 Cahors<span style=\"color: #ff0000;\"> R. Couaillac<\/span><br \/>\n\u2022 Chablis &amp; Chablis 1er cru <span style=\"color: #ff0000;\">J.L. Fourrey<\/span><br \/>\n\u2022 Champagne <span style=\"color: #ff0000;\">J. Truchon-Bergeronneau<\/span><br \/>\n\u2022 Ch\u00e2teauneuf-du-Pape\u00a0<span style=\"color: #ff0000;\"> C. Coulon<\/span><br \/>\n\u2022 Chinon<span style=\"color: #ff0000;\"> J.F. Delalay<\/span><br \/>\n\u2022 igp Charentes Pineau C &amp; C. Midey Cognac<span style=\"color: #ff0000;\"> O. Seguin<\/span><br \/>\n\u2022 Condrieu &#8211; C\u00f4te R\u00f4tie<span style=\"color: #ff0000;\"> Domaine Bernard<\/span><br \/>\n\u2022 Corbi\u00e8res <span style=\"color: #ff0000;\">C. &amp; M. Ma\u00eetre<\/span><br \/>\n\u2022 Cornas<span style=\"color: #ff0000;\"> C. Lionnet<\/span><br \/>\n\u2022 Coteaux du Lyonnais <span style=\"color: #ff0000;\">J. Garnier<br \/>\n<span style=\"color: #000000;\">\u2022 C\u00f4tes du Rh\u00f4ne<\/span> Domaine <\/span><span style=\"color: #ff0000;\">E.Challias<br \/>\n<\/span><span style=\"color: #000000;\">\u2022 C\u00f4tes du Jura &amp; Arbois Vin Jaune,<\/span><span style=\"color: #ff0000;\"><span style=\"color: #000000;\"> vin de paille<\/span> X. Reverchon<br \/>\n<\/span><span style=\"color: #000000;\">\u2022 Crozes-Hermitage<\/span><span style=\"color: #ff0000;\">,<span style=\"color: #000000;\"> vins de pays<\/span> Domaine J. Breyton<\/span><br \/>\nGigondas Vacqueyras<br \/>\n<span style=\"color: #ff0000;\"><span style=\"color: #000000;\">C\u00f4tes du Rh\u00f4ne<\/span> C. Dusserre<br \/>\n<\/span>\u2022 Graves <span style=\"color: #ff0000;\">Y. &amp; M. Guitet<br \/>\n<span style=\"color: #000000;\">\u2022 Juran\u00e7on<\/span> B. Arraou<br \/>\n<span style=\"color: #000000;\">(Ch\u00e2teau Lafitte)<\/span><br \/>\n<\/span>\u2022 Meursault 1 er cru &amp; village<br \/>\nAuxey Duresses 1 er cru &#8211; Month\u00e9lie 1er cru <span style=\"color: #ff0000;\">Domaine Pestre<br \/>\n<\/span>\u2022 Minervois H &amp; D. Vordy<br \/>\n\u2022 Moulin \u00e0 Vent, Juli\u00e9nas, St Amour, Beaujolais Villages ros\u00e9<br \/>\n<span style=\"color: #ff0000;\">C &amp; C. Midey<br \/>\n<\/span>\u2022 Muscadet, S\u00e8vre &amp; Maine <span style=\"color: #ff0000;\">B. Dubois<br \/>\n<span style=\"color: #000000;\">\u2022 Pouilly Fuiss\u00e9, Loch\u00e9, Macon Fuiss\u00e9 <span style=\"color: #ff0000;\">Y. Giroux<\/span><\/span><\/span><br \/>\n\u2022 Reuilly<span style=\"color: #ff0000;\"> G. Renaudat<br \/>\n<span style=\"color: #000000;\">\u2022 Rully et Montagny 1 cru &#8211;<\/span><br \/>\n<span style=\"color: #000000;\">Givry &#8211; Bourgogne Domaine de<\/span><br \/>\nla Renarde G. Peyre<br \/>\n<\/span><span style=\"color: #ff0000;\"><span style=\"color: #000000;\">\u2022 Saint Chinian<\/span> M &amp; G. Quartironi<br \/>\n<\/span>\u2022 Vinsobres<span style=\"color: #ff0000;\"> L. Espinasse<br \/>\n<\/span>\u2022 Vins de Savoie : Abymes, Apremont, Roussette,Mondeuse Domaine des 13 Lunes <span style=\"color: #ff0000;\">S.Liotard<\/span><br \/>\n\u2022 Vouvray<span style=\"color: #ff0000;\"> A. Ferrand<a href=\"http:\/\/portailsolidarites.fr\/grigny-koupela\/files\/2018\/10\/verres.png\"><img loading=\"lazy\" decoding=\"async\" class=\"aligncenter size-medium wp-image-3253\" src=\"http:\/\/portailsolidarites.fr\/grigny-koupela\/files\/2018\/10\/verres-300x155.png\" alt=\"\" width=\"300\" height=\"155\" \/><\/a><\/span><\/p>\n<p><strong><span style=\"color: #ff0000;\">Le terroir<\/span><\/strong><br \/>\n\u2022 <strong>Produits antillais<\/strong>(punchs, \u00e9pices, vanille-rhums, accras&#8230;) M. Geremy<br \/>\n\u2022 <strong>Chocolats fins<\/strong> Panel &amp; Filles<br \/>\n\u2022 <strong>Foie gras<\/strong> &amp; produits du Quercy L. Gatepin<br \/>\n\u2022 L\u2019escargot autrement B. Martin<br \/>\n\u2022 <strong>D\u00e9lices de la mer<\/strong> S. Le Corre<br \/>\n\u2022 <strong>Rillettes de Touraine<\/strong> J.F Delalay<br \/>\n\u2022 <strong>Miel<\/strong> G. Geffroy<br \/>\n\u2022 <strong>Fromages du Jura<\/strong> E. Dole<br \/>\n\u2022 <strong>Charcuterie<\/strong>, fromages de ch\u00e8vre, pain cuit au bois<br \/>\n<strong>Ard\u00e8che Salaisons<\/strong> Artisanales<\/p>\n<p><strong><span style=\"color: #ff0000;\">Cuv\u00e9e du Jumelage : Ch\u00e2teauneuf-du-Pape 2016<\/span><\/strong><\/p>\n<p>La Cuv\u00e9e Emma est compos\u00e9e de quatre c\u00e9pages : 60% Grenache, 20% Syrah, 10% Cinsault et 10% Mourv\u00e8dre. Son \u00e9levage se fait \u00e0 80% en cuve et 20% en barrique.<br \/>\n\u00ab Emma rev\u00eat une robe rubis soutenue \u00e0 reflets pourpres, le nez est expressif de fruits noirs &amp;<br \/>\ngriottes m\u00eal\u00e9s de notes \u00e9pic\u00e9es, le palais pr\u00e9sente une belle structure avec des tannins serr\u00e9s, de la fra\u00eecheur, une persistante sur le fruit \u00bb.<a href=\"http:\/\/portailsolidarites.fr\/grigny-koupela\/files\/2018\/10\/cuv\u00e9e.png\"><img loading=\"lazy\" decoding=\"async\" class=\"size-medium wp-image-3238 alignright\" src=\"http:\/\/portailsolidarites.fr\/grigny-koupela\/files\/2018\/10\/cuv\u00e9e-300x271.png\" alt=\"\" width=\"300\" height=\"271\" \/><\/a><br \/>\nCuv\u00e9e propos\u00e9e par Cyril Coulon, propri\u00e9taire-r\u00e9coltant \u00e0 Sorgues T. 06 84 11 12 09<br \/>\n<strong>Au profit du Comit\u00e9 de Jumelage. En vente sur le stand du comit\u00e9 (pack de 2 bouteilles).<\/strong><\/p>\n<p><strong><span style=\"color: #ff0000;\">LES PLUS DU SALON !<\/span><\/strong><\/p>\n<p><strong>\u2022 Une petite faim ?<\/strong><br \/>\nUn Bar \u00e0 tapas \u00e0 disposition : assiette de charcuterie, assiette nordique, assiette<br \/>\nde fromages&#8230; dans une ambiance conviviale !<a href=\"http:\/\/portailsolidarites.fr\/grigny-koupela\/files\/2018\/10\/Un-verre.png\"><img loading=\"lazy\" decoding=\"async\" class=\"aligncenter size-full wp-image-3240\" src=\"http:\/\/portailsolidarites.fr\/grigny-koupela\/files\/2018\/10\/Un-verre.png\" alt=\"\" width=\"192\" height=\"288\" \/><\/a><strong>\u2022 Bar \u00e0 hu\u00eetres<\/strong><br \/>\nVenez savourer les hu\u00eetres de Marennes Ol\u00e9ron avec un<br \/>\nverre de muscadet au profit des projets \u00e0 Koupela.<\/p>\n<p><em><span style=\"color: #ff0000;\">Nouveau <\/span><\/em><strong>\u2022 Les \u00ab Mini-koupela \u00bb<\/strong> tiennent un stand p\u00e2tisserie.<br \/>\nDe jeunes coll\u00e9giens proposeront des p\u00e2tisseries au profit d\u2019un projet \u00e0<br \/>\nKoupela. En mars, lors de Couleurs d\u2019Afrique, ils avaient r\u00e9colt\u00e9 des fonds pour<br \/>\nl\u2019achat de livres scolaires dans deux \u00e9coles.<br \/>\nUne initiative \u00e0 soutenir. R\u00e9servez leurs le meilleur accueil !<\/p>\n<p><em><span style=\"color: #ff0000;\">Nouveau<\/span><\/em><strong>\u2022 Initiation \u00e0 la d\u00e9gustation<\/strong> avec 6 vins du salon, par Guillaume AIGOIN. samedi 24\/11 \u00e0 16h (10 \u20ac, dur\u00e9e 2h). Places limit\u00e9es : 15 personnes.<br \/>\nInscription obligatoire : F. Lebreton 06 85 39 66 88<\/p>\n<p><a href=\"http:\/\/portailsolidarites.fr\/grigny-koupela\/files\/2018\/10\/Oenologie.png\"><img loading=\"lazy\" decoding=\"async\" class=\"size-full wp-image-3241 alignright\" src=\"http:\/\/portailsolidarites.fr\/grigny-koupela\/files\/2018\/10\/Oenologie.png\" alt=\"\" width=\"260\" height=\"185\" \/><\/a><strong>\u2022 Expo\/vente artisanat burkinab\u00e9<\/strong><br \/>\nBatiks, bijoux, d\u00e9co, sculptures, bronzes<\/p>\n<p><strong>\u2022 Libraire la Voie aux Chapitres<\/strong><br \/>\nAutour du vin, de la cuisine, livres<br \/>\npour enfants et litt\u00e9rature africaine&#8230;<\/p>\n<p><strong>\u2022 Bouchons de li\u00e8ge<\/strong> France-Cancer<br \/>\nr\u00e9cup\u00e8re les bouchons au profit<br \/>\nde la recherche contre le cancer.<br \/>\nD\u00e9posez-les \u00e0 l\u2019entr\u00e9e du Salon.<br \/>\n____________________________________<\/p>\n<p><span style=\"color: #0000ff;\"><strong>\u2022 Gagnez une semaine en g\u00eete !<\/strong><\/span><br \/>\n<span style=\"color: #0000ff;\">M et Mme Ferrand (Vouvray, Val de <\/span><span style=\"color: #0000ff;\">Loire) offrent une semaine dans leur <\/span><span style=\"color: #0000ff;\">g\u00eete. Tirage : dimanche soir<\/span><br \/>\n<span style=\"color: #0000ff;\"><strong>\u2022 Toutes les heures !<\/strong><\/span><br \/>\n<span style=\"color: #0000ff;\">1 bouteille, par tirage au sort !<\/span><br \/>\n___________________________________<\/p>\n<p>Centre Brenot &#8211; rue W. Rousseau &#8211; Grigny<br \/>\nFacebook\/Comit\u00e9-de-Jumelage-Grigny-Koup\u00e9la<br \/>\nwww.mairie-grigny69.fr \/ www.salondesvins.free.fr<br \/>\nhttp:\/\/portailsolidarites.fr\/grigny-koupela\/<br \/>\ngrignykoupela@laposte.net<\/p>\n<p><em><strong><span style=\"color: #ff0000;\">Attention l\u2019abus d\u2019alcool est dangereux pour la sant\u00e9<\/span><\/strong> <\/em>\/<br \/>\n<em>Autorisation municipale octobre 2018<\/em><br \/>\n_______________________________________<\/p>\n","protected":false},"excerpt":{"rendered":"<p>Convivialit\u00e9, solidarit\u00e9 et fid\u00e9lit\u00e9 ! 22 \u00e8me \u00e9dition, organis\u00e9e par le Comit\u00e9 de Jumelage Grigny\/Koupela en partenariat avec la municipalit\u00e9 de Grigny. Les viticulteurs et les artisans de produits du terroir, venus des quatre coins de l\u2019Hexagone, ont r\u00e9pondu une &hellip; <a href=\"https:\/\/portailsolidarites.fr\/Koupela\/2018\/10\/20\/salon-des-vins-annuel-de-grigny\/\">Continuer la lecture <span class=\"meta-nav\">&rarr;<\/span><\/a><\/p>\n","protected":false},"author":4,"featured_media":0,"comment_status":"closed","ping_status":"open","sticky":true,"template":"","format":"standard","meta":{"_uag_custom_page_level_css":"","footnotes":""},"categories":[24,6,10],"tags":[],"class_list":["post-3226","post","type-post","status-publish","format-standard","hentry","category-salons-des-vins","category-manifestations","category-echanges"],"uagb_featured_image_src":{"full":false,"thumbnail":false,"medium":false,"medium_large":false,"large":false,"1536x1536":false,"2048x2048":false,"post-thumbnail":false},"uagb_author_info":{"display_name":"G\u00e9rard ARNAUD","author_link":"https:\/\/portailsolidarites.fr\/Koupela\/author\/gerarnaud\/"},"uagb_comment_info":0,"uagb_excerpt":"Convivialit\u00e9, solidarit\u00e9 et fid\u00e9lit\u00e9 ! 22 \u00e8me \u00e9dition, organis\u00e9e par le Comit\u00e9 de Jumelage Grigny\/Koupela en partenariat avec la municipalit\u00e9 de Grigny. Les viticulteurs et les artisans de produits du terroir, venus des quatre coins de l\u2019Hexagone, ont r\u00e9pondu une &hellip; Continuer la lecture &rarr;","_links":{"self":[{"href":"https:\/\/portailsolidarites.fr\/Koupela\/wp-json\/wp\/v2\/posts\/3226","targetHints":{"allow":["GET"]}}],"collection":[{"href":"https:\/\/portailsolidarites.fr\/Koupela\/wp-json\/wp\/v2\/posts"}],"about":[{"href":"https:\/\/portailsolidarites.fr\/Koupela\/wp-json\/wp\/v2\/types\/post"}],"author":[{"embeddable":true,"href":"https:\/\/portailsolidarites.fr\/Koupela\/wp-json\/wp\/v2\/users\/4"}],"replies":[{"embeddable":true,"href":"https:\/\/portailsolidarites.fr\/Koupela\/wp-json\/wp\/v2\/comments?post=3226"}],"version-history":[{"count":0,"href":"https:\/\/portailsolidarites.fr\/Koupela\/wp-json\/wp\/v2\/posts\/3226\/revisions"}],"wp:attachment":[{"href":"https:\/\/portailsolidarites.fr\/Koupela\/wp-json\/wp\/v2\/media?parent=3226"}],"wp:term":[{"taxonomy":"category","embeddable":true,"href":"https:\/\/portailsolidarites.fr\/Koupela\/wp-json\/wp\/v2\/categories?post=3226"},{"taxonomy":"post_tag","embeddable":true,"href":"https:\/\/portailsolidarites.fr\/Koupela\/wp-json\/wp\/v2\/tags?post=3226"}],"curies":[{"name":"wp","href":"https:\/\/api.w.org\/{rel}","templated":true}]}}