{"id":4066,"date":"2022-06-09T17:08:22","date_gmt":"2022-06-09T15:08:22","guid":{"rendered":"http:\/\/portailsolidarites.fr\/grigny-koupela\/?p=4066"},"modified":"2022-06-09T17:08:22","modified_gmt":"2022-06-09T15:08:22","slug":"couleurs-dafrique-version-2022","status":"publish","type":"post","link":"https:\/\/portailsolidarites.fr\/Koupela\/2022\/06\/09\/couleurs-dafrique-version-2022\/","title":{"rendered":"Couleurs d&rsquo;AFRIQUE ( version 2022 )"},"content":{"rendered":"<p><span style=\"font-size: 14pt;\">\u00a0<\/span><\/p>\n<p>&nbsp;<\/p>\n<p class=\"western\"><span style=\"font-size: 18pt;\"><span style=\"color: #ff0000;\"><b>COU<\/b><\/span><span style=\"color: #00b050;\"><b>LEU<\/b><\/span><span style=\"color: #800080;\"><b>RS<\/b><\/span><b> <\/b><span style=\"color: #0070c0;\"><b>D\u2019AF<\/b><\/span><span style=\"color: #602826;\"><b>RIQ<\/b><\/span><span style=\"color: #ffc000;\"><b>UE<br \/>\n<\/b><\/span><\/span><b><a href=\"http:\/\/portailsolidarites.fr\/grigny-koupela\/files\/2022\/06\/Affiche-3-couleurs-dafrique-2022-web.jpg\"><img loading=\"lazy\" decoding=\"async\" class=\"alignright wp-image-4070 size-full\" src=\"http:\/\/portailsolidarites.fr\/grigny-koupela\/files\/2022\/06\/Affiche-3-couleurs-dafrique-2022-web.jpg\" alt=\"\" width=\"384\" height=\"525\" \/><\/a><\/b><span style=\"font-size: x-large;\"><span style=\"color: #ff0000;\"><strong><span style=\"font-size: 14pt;\">Samedi 18 juin 2022<\/span><\/strong><\/span><br \/>\n<\/span><span style=\"font-size: 14pt;\">A partir de 17 heures,<br \/>\nCentre Brenot<\/span><\/p>\n<p>GRIGNY (<em>15 km au sud de<\/em> <em>Lyon<\/em>)<\/p>\n<p><span style=\"font-size: 14pt;\">Comme chaque ann\u00e9e, avec l&rsquo;organisation de Couleurs d&rsquo;Afrique, le Comit\u00e9 de Jumelage de Grigny-Koupela se propose de faire d\u00e9couvrir quelques aspects des civilisations africaines.<br \/>\n<\/span><br \/>\n<span style=\"font-size: 14pt;\">Cette ann\u00e9e encore,nos amis visiteurs, enfants ou adultes, pourront appr\u00e9cier la richesse des activit\u00e9s et des spectacles propos\u00e9s.<b><\/b><\/span><\/p>\n<p><span style=\"color: #ff0000;\"><strong><span style=\"font-size: 14pt;\">Programme de l&rsquo;apr\u00e8s-midi et de la soir\u00e9e :<\/span><\/strong><\/span><\/p>\n<p class=\"western\"><span style=\"font-size: 14pt;\"><b>17\u201419 H<br \/>\nAteliers pour les enfants <\/b>(participation 3 \u20ac ; inscription au 06 73 44 26 22<b><\/b><\/span><\/p>\n<p><span style=\"font-size: 14pt;\"><b>Poterie<\/b> avec MH Chaumuzeau et Katja Brandt<br \/>\n<b><br \/>\n<\/b><\/span><span style=\"font-size: 14pt;\"><b>Atelier \u00ab\u00a0Portraits\u00a0\u00bb<\/b> avec Quentin Lacoste<\/span><\/p>\n<p class=\"western\"><span style=\"font-size: 14pt;\"><b> Stand artisanat burkinab\u00e9 et b\u00e9ninois<\/b><\/span><\/p>\n<p class=\"western\"><span style=\"font-size: 14pt;\"><b>19 H<br \/>\nAp\u00e9ro &#8211; Restauration avec l\u2019aide des Singes.<\/b><\/span><\/p>\n<p class=\"western\"><span style=\"font-size: 14pt;\"><b>Animation des Vigilantes (spectacle de danse)<\/b><\/span><\/p>\n<p class=\"western\"><span style=\"font-size: 14pt; color: #ff0000;\"><b>Le bar fonctionnera toute l\u2019apr\u00e8s-midi.<\/b><\/span><\/p>\n<p class=\"western\"><span style=\"font-size: 14pt;\"><b>21 h<br \/>\n<\/b><\/span><\/p>\n<p class=\"western\"><span style=\"font-size: 18pt;\"><span style=\"color: #ff0000;\"><b>Concert<\/b><\/span><b>\u00a0<\/b><b><\/b><\/span><span style=\"font-size: 14pt;\"><b> anim\u00e9 par le groupe b\u00e9ninois EYO\u2019NLE . <\/b><\/span><\/p>\n<p class=\"western\"><span style=\"font-size: 14pt;\"><b> <\/b><b>Entr\u00e9e : Adultes 10 \u20ac<br \/>\nEnfants (6-14ans) 4 \u20ac<br \/>\n<\/b><em>R\u00e9servation conseill\u00e9e : 06 73 44 26 22<\/em><\/span><\/p>\n<p class=\"western\"><span style=\"font-family: Times New Roman, serif;\"><span style=\"font-size: medium;\">Les quatre fr\u00e8res Ahouandjinou, fameuse famille de musiciens de Porto Novo, au B\u00e9nin, revisitent, avec leurs influences africaines, la chanson fran\u00e7aise des ann\u00e9es trente \u00e0 nos jours. Chez eux, la musique est une \u00e9vidence, un art de vivre. Du berceau au cercueil on joue, on chante, on danse et on souffle dans des cuivres en tapant sur des percussions\u2026<br \/>\n<\/span><\/span><span style=\"font-family: Times New Roman, serif;\"><span style=\"font-size: medium;\"><b>\u00ab <em>Une valse \u00e0 Cotonou<\/em> \u00bb, <\/b><\/span><\/span><span style=\"font-family: Times New Roman, serif;\"><span style=\"font-size: medium;\">c\u2019est LA f\u00eate africaine autour d\u2019une explosion de chansons fran\u00e7aises ! <\/span><\/span><span style=\"font-family: Times New Roman, serif;\"><span style=\"font-size: medium;\"><b>\u00ab <em>Une valse \u00e0 Cotonou<\/em> \u00bb, <\/b><\/span><\/span><span style=\"font-family: Times New Roman, serif;\"><span style=\"font-size: medium;\">c\u2019est un spectacle chaud en couleurs, magnifiquement interpr\u00e9t\u00e9 par quatre fr\u00e8res musiciens et chanteurs pour rendre un hommage \u00e0 la chanson fran\u00e7aise, celle qui sent bon le partage, la paix et l\u2019enviede m\u00e9tissage entre les peuples.<\/span><\/span><\/p>\n<p><a href=\"http:\/\/portailsolidarites.fr\/grigny-koupela\/files\/2022\/05\/concert.png\"><img loading=\"lazy\" decoding=\"async\" class=\"alignnone size-medium wp-image-4053\" src=\"http:\/\/portailsolidarites.fr\/grigny-koupela\/files\/2022\/05\/concert-300x125.png\" alt=\"\" width=\"300\" height=\"125\" \/><\/a><\/p>\n<p class=\"western\"><span style=\"font-family: Times New Roman, serif;\"><span style=\"font-size: medium;\">Alors, pour \u00e9couter \u00ab <em><strong>La javanaise<\/strong> <\/em>\u00bb sur un coin de plage \u00e0 Cotonou, une \u00ab Barbara \u00bb aux accents ensoleill\u00e9s, des \u00ab Rimes \u00bb de Nougaro chaloup\u00e9es\u2026 C\u2019est ici que \u00e7a se passe, dans \u00ab<em><strong> Une valse \u00e0<\/strong> <strong>Cotonou<\/strong><\/em> \u00bb ! Ensemble, partons \u00e0 la d\u00e9couverte de la culture africaine. <\/span><\/span><\/p>\n<p class=\"western\"><span style=\"font-family: Times New Roman, serif;\"><span style=\"font-size: medium;\">Nous avons donc la chance et l\u2019immense plaisir de les accueillir \u00e0 Grigny. <\/span><\/span><span style=\"font-family: Times New Roman, serif;\"><span style=\"font-size: medium;\"><b>Une soir\u00e9e \u00e0 ne pas manquer ! <\/b><\/span><\/span><\/p>\n<p class=\"western\">\u00a0___________________________________________<br \/>\n<span style=\"color: #0000ff;\"><span style=\"font-size: small;\"><b>Contacts : <\/b><\/span><span style=\"font-family: Arial, serif;\"><span style=\"font-size: small;\"><b>Mail <\/b><\/span><\/span><span style=\"font-family: Arial, serif;\"><span style=\"font-size: small;\">: <\/span><\/span><span style=\"font-family: Arial, serif;\"><span style=\"font-size: small;\">grignykoupela69@gmail.com<br \/>\n<\/span><\/span><span style=\"font-family: Arial, serif;\"><span style=\"font-size: small;\"><b>Site internet <\/b><\/span><\/span><span style=\"font-family: Arial, serif;\"><span style=\"font-size: small;\">: <\/span><\/span><span style=\"font-family: Arial, serif;\"><span style=\"font-size: small;\">portailsolidarites.fr<br \/>\n<\/span><\/span><\/span><span style=\"color: #0d0d0d;\"><span style=\"font-size: small;\"><b><span style=\"color: #0000ff;\">Facebook : (comit\u00e9 de jumelage Grigny-Koupela)<\/span> <\/b><\/span><\/span><\/p>\n<p class=\"western\"><a href=\"http:\/\/portailsolidarites.fr\/grigny-koupela\/files\/2022\/06\/image-1.jpg\"><img loading=\"lazy\" decoding=\"async\" class=\"alignleft wp-image-4074 size-thumbnail\" src=\"http:\/\/portailsolidarites.fr\/grigny-koupela\/files\/2022\/06\/image-1-150x150.jpg\" alt=\"\" width=\"150\" height=\"150\" \/><\/a><a href=\"http:\/\/portailsolidarites.fr\/grigny-koupela\/files\/2022\/06\/image-2.png\"><img loading=\"lazy\" decoding=\"async\" class=\"alignnone wp-image-4076 size-thumbnail\" src=\"http:\/\/portailsolidarites.fr\/grigny-koupela\/files\/2022\/06\/image-2-150x150.png\" alt=\"\" width=\"150\" height=\"150\" \/><\/a><a href=\"http:\/\/portailsolidarites.fr\/grigny-koupela\/files\/2022\/06\/image-3.jpg\"><img loading=\"lazy\" decoding=\"async\" class=\"alignnone wp-image-4077 size-thumbnail\" src=\"http:\/\/portailsolidarites.fr\/grigny-koupela\/files\/2022\/06\/image-3-150x150.jpg\" alt=\"\" width=\"150\" height=\"150\" \/><\/a><a href=\"http:\/\/portailsolidarites.fr\/grigny-koupela\/files\/2022\/06\/image-4.jpg\"><img loading=\"lazy\" decoding=\"async\" class=\"alignnone wp-image-4078 size-full\" src=\"http:\/\/portailsolidarites.fr\/grigny-koupela\/files\/2022\/06\/image-4.jpg\" alt=\"\" width=\"92\" height=\"92\" \/><\/a><a href=\"http:\/\/portailsolidarites.fr\/grigny-koupela\/files\/2022\/06\/image-5.png\"><img loading=\"lazy\" decoding=\"async\" class=\"alignnone wp-image-4079 size-thumbnail\" src=\"http:\/\/portailsolidarites.fr\/grigny-koupela\/files\/2022\/06\/image-5-150x150.png\" alt=\"\" width=\"150\" height=\"150\" \/><\/a><\/p>\n","protected":false},"excerpt":{"rendered":"<p>\u00a0 &nbsp; COULEURS D\u2019AFRIQUE Samedi 18 juin 2022 A partir de 17 heures, Centre Brenot GRIGNY (15 km au sud de Lyon) Comme chaque ann\u00e9e, avec l&rsquo;organisation de Couleurs d&rsquo;Afrique, le Comit\u00e9 de Jumelage de Grigny-Koupela se propose de faire &hellip; <a href=\"https:\/\/portailsolidarites.fr\/Koupela\/2022\/06\/09\/couleurs-dafrique-version-2022\/\">Continuer la lecture <span class=\"meta-nav\">&rarr;<\/span><\/a><\/p>\n","protected":false},"author":4,"featured_media":0,"comment_status":"closed","ping_status":"open","sticky":true,"template":"","format":"standard","meta":{"_uag_custom_page_level_css":"","footnotes":""},"categories":[26,6,10],"tags":[],"class_list":["post-4066","post","type-post","status-publish","format-standard","hentry","category-co-afr","category-manifestations","category-echanges"],"uagb_featured_image_src":{"full":false,"thumbnail":false,"medium":false,"medium_large":false,"large":false,"1536x1536":false,"2048x2048":false,"post-thumbnail":false},"uagb_author_info":{"display_name":"G\u00e9rard ARNAUD","author_link":"https:\/\/portailsolidarites.fr\/Koupela\/author\/gerarnaud\/"},"uagb_comment_info":0,"uagb_excerpt":"\u00a0 &nbsp; COULEURS D\u2019AFRIQUE Samedi 18 juin 2022 A partir de 17 heures, Centre Brenot GRIGNY (15 km au sud de Lyon) Comme chaque ann\u00e9e, avec l&rsquo;organisation de Couleurs d&rsquo;Afrique, le Comit\u00e9 de Jumelage de Grigny-Koupela se propose de faire &hellip; Continuer la lecture &rarr;","_links":{"self":[{"href":"https:\/\/portailsolidarites.fr\/Koupela\/wp-json\/wp\/v2\/posts\/4066","targetHints":{"allow":["GET"]}}],"collection":[{"href":"https:\/\/portailsolidarites.fr\/Koupela\/wp-json\/wp\/v2\/posts"}],"about":[{"href":"https:\/\/portailsolidarites.fr\/Koupela\/wp-json\/wp\/v2\/types\/post"}],"author":[{"embeddable":true,"href":"https:\/\/portailsolidarites.fr\/Koupela\/wp-json\/wp\/v2\/users\/4"}],"replies":[{"embeddable":true,"href":"https:\/\/portailsolidarites.fr\/Koupela\/wp-json\/wp\/v2\/comments?post=4066"}],"version-history":[{"count":0,"href":"https:\/\/portailsolidarites.fr\/Koupela\/wp-json\/wp\/v2\/posts\/4066\/revisions"}],"wp:attachment":[{"href":"https:\/\/portailsolidarites.fr\/Koupela\/wp-json\/wp\/v2\/media?parent=4066"}],"wp:term":[{"taxonomy":"category","embeddable":true,"href":"https:\/\/portailsolidarites.fr\/Koupela\/wp-json\/wp\/v2\/categories?post=4066"},{"taxonomy":"post_tag","embeddable":true,"href":"https:\/\/portailsolidarites.fr\/Koupela\/wp-json\/wp\/v2\/tags?post=4066"}],"curies":[{"name":"wp","href":"https:\/\/api.w.org\/{rel}","templated":true}]}}