{"id":4628,"date":"2026-03-12T19:34:05","date_gmt":"2026-03-12T18:34:05","guid":{"rendered":"https:\/\/portailsolidarites.fr\/Koupela\/?p=4628"},"modified":"2026-03-12T19:57:01","modified_gmt":"2026-03-12T18:57:01","slug":"concert-du-20-mars-2026-2","status":"publish","type":"post","link":"https:\/\/portailsolidarites.fr\/Koupela\/2026\/03\/12\/concert-du-20-mars-2026-2\/","title":{"rendered":"Concert du 20 mars 2026"},"content":{"rendered":"<p><span style=\"font-size: 14pt;\">Concert Millery Youri \/ Grigny-Koupela 20 Mars 2026<img loading=\"lazy\" decoding=\"async\" class=\"size-full wp-image-4642 alignnone\" src=\"http:\/\/portailsolidarites.fr\/Koupela\/wp-content\/uploads\/2026\/03\/IMG_7831.jpg\" alt=\"\" width=\"200\" height=\"200\" srcset=\"https:\/\/portailsolidarites.fr\/Koupela\/wp-content\/uploads\/2026\/03\/IMG_7831.jpg 200w, https:\/\/portailsolidarites.fr\/Koupela\/wp-content\/uploads\/2026\/03\/IMG_7831-150x150.jpg 150w\" sizes=\"auto, (max-width: 200px) 100vw, 200px\" \/><img loading=\"lazy\" decoding=\"async\" class=\"alignright wp-image-4483 size-full\" src=\"http:\/\/portailsolidarites.fr\/Koupela\/wp-content\/uploads\/2024\/11\/logo.png\" alt=\"\" width=\"252\" height=\"228\" \/><\/span><\/p>\n<p>Cette ann\u00e9e, le comit\u00e9 de jumelage Grigny Koup\u00e9la s&rsquo;est uni \u00e0 Youri Echanges Actions de Millery pour vous proposer un concert exceptionnel le 20 mars prochain \u00e0 la salle des f\u00eates de Millery. En effet nous avons l&rsquo;opportunit\u00e9 de recevoir le groupe KUMA KURA, cr\u00e9\u00e9 par Jahkasa et Richard Mons\u00e9gu en 2023 et produit par CoinCoin productions. Ils sont 6 musiciens dont 5 Burkinab\u00e9, et proposent un groupe Ethno-groove d\u00e9coloniel, d&rsquo;appellation d&rsquo;origine incontr\u00f4l\u00e9e ! Ils sont en tourn\u00e9e dans toute la France durant le mois de mars, et joueront \u00e0 Millery pour notre plus grand plaisir!<\/p>\n<p><img loading=\"lazy\" decoding=\"async\" class=\"size-medium wp-image-4637 alignright\" src=\"http:\/\/portailsolidarites.fr\/Koupela\/wp-content\/uploads\/2026\/03\/IMG_7830-212x300.jpg\" alt=\"\" width=\"212\" height=\"300\" srcset=\"https:\/\/portailsolidarites.fr\/Koupela\/wp-content\/uploads\/2026\/03\/IMG_7830-212x300.jpg 212w, https:\/\/portailsolidarites.fr\/Koupela\/wp-content\/uploads\/2026\/03\/IMG_7830.jpg 417w\" sizes=\"auto, (max-width: 212px) 100vw, 212px\" \/><\/p>\n<p>Nous vous accueillerons \u00e0 partir de 20H00 \u00e0 la salle des f\u00eates de Millery, vous trouverez un bar pour vous d\u00e9salt\u00e9rer et une restauration rapide de mets africains.<\/p>\n<p>PAF \u00e0 partir de 12\u20ac<br \/>\nGratuit pour les enfants de moins de 6 ans.<br \/>\n6\u20ac pour les enfants entre 6 et 15 ans.<\/p>\n<p>On vous attend nombreux pour cette belle soir\u00e9e festive et de qualit\u00e9!<\/p>\n","protected":false},"excerpt":{"rendered":"<p>Concert Millery Youri \/ Grigny-Koupela 20 Mars 2026 Cette ann\u00e9e, le comit\u00e9 de jumelage Grigny Koup\u00e9la s&rsquo;est uni \u00e0 Youri Echanges Actions de Millery pour vous proposer un concert exceptionnel le 20 mars prochain \u00e0 la salle des f\u00eates de &hellip; <a href=\"https:\/\/portailsolidarites.fr\/Koupela\/2026\/03\/12\/concert-du-20-mars-2026-2\/\">Continuer la lecture <span class=\"meta-nav\">&rarr;<\/span><\/a><\/p>\n","protected":false},"author":4,"featured_media":0,"comment_status":"open","ping_status":"open","sticky":true,"template":"","format":"standard","meta":{"_uag_custom_page_level_css":"","footnotes":""},"categories":[28],"tags":[],"class_list":["post-4628","post","type-post","status-publish","format-standard","hentry","category-autres-manif"],"uagb_featured_image_src":{"full":false,"thumbnail":false,"medium":false,"medium_large":false,"large":false,"1536x1536":false,"2048x2048":false,"post-thumbnail":false},"uagb_author_info":{"display_name":"G\u00e9rard ARNAUD","author_link":"https:\/\/portailsolidarites.fr\/Koupela\/author\/gerarnaud\/"},"uagb_comment_info":0,"uagb_excerpt":"Concert Millery Youri \/ Grigny-Koupela 20 Mars 2026 Cette ann\u00e9e, le comit\u00e9 de jumelage Grigny Koup\u00e9la s&rsquo;est uni \u00e0 Youri Echanges Actions de Millery pour vous proposer un concert exceptionnel le 20 mars prochain \u00e0 la salle des f\u00eates de &hellip; Continuer la lecture &rarr;","_links":{"self":[{"href":"https:\/\/portailsolidarites.fr\/Koupela\/wp-json\/wp\/v2\/posts\/4628","targetHints":{"allow":["GET"]}}],"collection":[{"href":"https:\/\/portailsolidarites.fr\/Koupela\/wp-json\/wp\/v2\/posts"}],"about":[{"href":"https:\/\/portailsolidarites.fr\/Koupela\/wp-json\/wp\/v2\/types\/post"}],"author":[{"embeddable":true,"href":"https:\/\/portailsolidarites.fr\/Koupela\/wp-json\/wp\/v2\/users\/4"}],"replies":[{"embeddable":true,"href":"https:\/\/portailsolidarites.fr\/Koupela\/wp-json\/wp\/v2\/comments?post=4628"}],"version-history":[{"count":14,"href":"https:\/\/portailsolidarites.fr\/Koupela\/wp-json\/wp\/v2\/posts\/4628\/revisions"}],"predecessor-version":[{"id":4654,"href":"https:\/\/portailsolidarites.fr\/Koupela\/wp-json\/wp\/v2\/posts\/4628\/revisions\/4654"}],"wp:attachment":[{"href":"https:\/\/portailsolidarites.fr\/Koupela\/wp-json\/wp\/v2\/media?parent=4628"}],"wp:term":[{"taxonomy":"category","embeddable":true,"href":"https:\/\/portailsolidarites.fr\/Koupela\/wp-json\/wp\/v2\/categories?post=4628"},{"taxonomy":"post_tag","embeddable":true,"href":"https:\/\/portailsolidarites.fr\/Koupela\/wp-json\/wp\/v2\/tags?post=4628"}],"curies":[{"name":"wp","href":"https:\/\/api.w.org\/{rel}","templated":true}]}}