{"id":4669,"date":"2026-04-28T18:55:27","date_gmt":"2026-04-28T16:55:27","guid":{"rendered":"https:\/\/portailsolidarites.fr\/Koupela\/?p=4669"},"modified":"2026-04-28T18:55:27","modified_gmt":"2026-04-28T16:55:27","slug":"assemblee-generale-du-25-03-2026","status":"publish","type":"post","link":"https:\/\/portailsolidarites.fr\/Koupela\/2026\/04\/28\/assemblee-generale-du-25-03-2026\/","title":{"rendered":"Assembl\u00e9e g\u00e9n\u00e9rale du 25\/03\/2026"},"content":{"rendered":"","protected":true},"excerpt":{"rendered":"","protected":true},"author":5,"featured_media":0,"comment_status":"open","ping_status":"open","sticky":false,"template":"","format":"standard","meta":{"_uag_custom_page_level_css":"","footnotes":""},"categories":[23,9],"tags":[],"class_list":["post-4669","post","type-post","status-publish","format-standard","post-password-required","hentry","category-c-r-de-reunions","category-comite-grigny-koupela"],"uagb_featured_image_src":{"full":false,"thumbnail":false,"medium":false,"medium_large":false,"large":false,"1536x1536":false,"2048x2048":false,"post-thumbnail":false},"uagb_author_info":{"display_name":"Romain Chevrier","author_link":"https:\/\/portailsolidarites.fr\/Koupela\/author\/romain\/"},"uagb_comment_info":0,"uagb_excerpt":"Il n\u2019y a pas d\u2019extrait, car cette publication est prot\u00e9g\u00e9e.","_links":{"self":[{"href":"https:\/\/portailsolidarites.fr\/Koupela\/wp-json\/wp\/v2\/posts\/4669","targetHints":{"allow":["GET"]}}],"collection":[{"href":"https:\/\/portailsolidarites.fr\/Koupela\/wp-json\/wp\/v2\/posts"}],"about":[{"href":"https:\/\/portailsolidarites.fr\/Koupela\/wp-json\/wp\/v2\/types\/post"}],"author":[{"embeddable":true,"href":"https:\/\/portailsolidarites.fr\/Koupela\/wp-json\/wp\/v2\/users\/5"}],"replies":[{"embeddable":true,"href":"https:\/\/portailsolidarites.fr\/Koupela\/wp-json\/wp\/v2\/comments?post=4669"}],"version-history":[{"count":3,"href":"https:\/\/portailsolidarites.fr\/Koupela\/wp-json\/wp\/v2\/posts\/4669\/revisions"}],"predecessor-version":[{"id":4672,"href":"https:\/\/portailsolidarites.fr\/Koupela\/wp-json\/wp\/v2\/posts\/4669\/revisions\/4672"}],"wp:attachment":[{"href":"https:\/\/portailsolidarites.fr\/Koupela\/wp-json\/wp\/v2\/media?parent=4669"}],"wp:term":[{"taxonomy":"category","embeddable":true,"href":"https:\/\/portailsolidarites.fr\/Koupela\/wp-json\/wp\/v2\/categories?post=4669"},{"taxonomy":"post_tag","embeddable":true,"href":"https:\/\/portailsolidarites.fr\/Koupela\/wp-json\/wp\/v2\/tags?post=4669"}],"curies":[{"name":"wp","href":"https:\/\/api.w.org\/{rel}","templated":true}]}}