{"id":4674,"date":"2026-04-28T19:38:55","date_gmt":"2026-04-28T17:38:55","guid":{"rendered":"https:\/\/portailsolidarites.fr\/Koupela\/?p=4674"},"modified":"2026-04-28T19:52:04","modified_gmt":"2026-04-28T17:52:04","slug":"college-de-reference-a-koupela","status":"publish","type":"post","link":"https:\/\/portailsolidarites.fr\/Koupela\/2026\/04\/28\/college-de-reference-a-koupela\/","title":{"rendered":"Coll\u00e8ge de r\u00e9f\u00e9rence \u00e0 Koup\u00e9la"},"content":{"rendered":"<p><em><strong>Article de Koup\u00e8la Start-up Internationale.<br \/>\n<\/strong><br \/>\n1. Madame COMPAOR\u00c9\/YERBANGA Lucie, directrice de l\u2019\u00e9tablissement, engag\u00e9e dans la formation des jeunes.<br \/>\n2. Des \u00e9l\u00e8ves en pleine formation pratique, travaillant sur du mat\u00e9riel informatique et \u00e9lectronique.<br \/>\n3. Les \u00e9l\u00e8ves et l\u2019\u00e9quipe p\u00e9dagogique, r\u00e9unis devant le coll\u00e8ge, symbole d\u2019un projet \u00e9ducatif collectif et structurant.<\/em><\/p>\n<p><img loading=\"lazy\" decoding=\"async\" class=\"wp-image-4676 size-medium alignleft\" src=\"http:\/\/portailsolidarites.fr\/Koupela\/wp-content\/uploads\/2026\/04\/IMG_7939-300x226.jpeg\" alt=\"\" width=\"300\" height=\"226\" srcset=\"https:\/\/portailsolidarites.fr\/Koupela\/wp-content\/uploads\/2026\/04\/IMG_7939-300x226.jpeg 300w, https:\/\/portailsolidarites.fr\/Koupela\/wp-content\/uploads\/2026\/04\/IMG_7939-1024x771.jpeg 1024w, https:\/\/portailsolidarites.fr\/Koupela\/wp-content\/uploads\/2026\/04\/IMG_7939-768x578.jpeg 768w, https:\/\/portailsolidarites.fr\/Koupela\/wp-content\/uploads\/2026\/04\/IMG_7939.jpeg 1500w\" sizes=\"auto, (max-width: 300px) 100vw, 300px\" \/><\/p>\n<p><img loading=\"lazy\" decoding=\"async\" class=\"size-medium wp-image-4679 alignnone\" style=\"font-size: 16px;\" src=\"http:\/\/portailsolidarites.fr\/Koupela\/wp-content\/uploads\/2026\/04\/IMG_7940-300x187.jpeg\" alt=\"\" width=\"300\" height=\"187\" srcset=\"https:\/\/portailsolidarites.fr\/Koupela\/wp-content\/uploads\/2026\/04\/IMG_7940-300x187.jpeg 300w, https:\/\/portailsolidarites.fr\/Koupela\/wp-content\/uploads\/2026\/04\/IMG_7940-1024x638.jpeg 1024w, https:\/\/portailsolidarites.fr\/Koupela\/wp-content\/uploads\/2026\/04\/IMG_7940-768x478.jpeg 768w, https:\/\/portailsolidarites.fr\/Koupela\/wp-content\/uploads\/2026\/04\/IMG_7940.jpeg 1500w\" sizes=\"auto, (max-width: 300px) 100vw, 300px\" \/><\/p>\n<p>&nbsp;<\/p>\n<p><img loading=\"lazy\" decoding=\"async\" class=\"alignright wp-image-4677 size-large\" src=\"http:\/\/portailsolidarites.fr\/Koupela\/wp-content\/uploads\/2026\/04\/IMG_7938-1024x432.jpeg\" alt=\"\" width=\"640\" height=\"270\" srcset=\"https:\/\/portailsolidarites.fr\/Koupela\/wp-content\/uploads\/2026\/04\/IMG_7938-1024x432.jpeg 1024w, https:\/\/portailsolidarites.fr\/Koupela\/wp-content\/uploads\/2026\/04\/IMG_7938-300x127.jpeg 300w, https:\/\/portailsolidarites.fr\/Koupela\/wp-content\/uploads\/2026\/04\/IMG_7938-768x324.jpeg 768w, https:\/\/portailsolidarites.fr\/Koupela\/wp-content\/uploads\/2026\/04\/IMG_7938.jpeg 1500w\" sizes=\"auto, (max-width: 640px) 100vw, 640px\" \/>Le Coll\u00e8ge d\u2019Enseignement Technique et de Formation Professionnelle Naaba Zanr\u00e9, situ\u00e9 \u00e0 Koup\u00e9la, s\u2019impose comme un acteur cl\u00e9 de la formation aux m\u00e9tiers techniques, notamment en \u00e9lectronique. Gr\u00e2ce \u00e0 une approche tr\u00e8s pratique, les \u00e9l\u00e8ves apprennent \u00e0 concevoir, r\u00e9parer et installer des \u00e9quipements, avec un focus particulier sur les solutions solaires.<\/p>\n<p>Dans un contexte o\u00f9 l\u2019acc\u00e8s \u00e0 l\u2019\u00e9lectricit\u00e9 reste un enjeu majeur au Burkina Faso, cette formation r\u00e9pond \u00e0 des besoins concrets et favorise une insertion rapide dans des secteurs porteurs comme l\u2019\u00e9nergie solaire, les t\u00e9l\u00e9communications ou la maintenance.<\/p>\n<p>Le coll\u00e8ge a \u00e9t\u00e9 financ\u00e9 par le comit\u00e9 de jumelage Grigny\u2013Koup\u00e9la, illustrant une coop\u00e9ration forte et engag\u00e9e en faveur du d\u00e9veloppement local et de la formation des jeunes.<\/p>\n<p style=\"text-align: left;\"><span style=\"font-size: 12pt;\"><em><b>Mot d&rsquo;Andr\u00e9 FABRE, vice-pr\u00e9sident \u00a0 \u00a0 \u00a0 \u00a0 \u00a0 \u00a0 \u00a0 \u00a0 \u00a0 \u00a0 \u00a0 \u00a0 \u00a0 \u00a0 \u00a0 \u00a0 \u00a0 \u00a0 \u00a0 \u00a0 \u00a0 \u00a0 \u00a0 \u00a0 \u00a0 \u00a0 \u00a0 \u00a0 \u00a0 \u00a0 \u00a0 \u00a0 \u00a0 \u00a0 \u00a0 \u00a0 \u00a0 \u00a0 \u00a0 \u00a0 <\/b><\/em><\/span><span style=\"font-size: 12pt;\"><em><b>du comit\u00e9 de jumelage de Grigny\u2013Koup\u00e9la :<\/b><\/em><\/span><\/p>\n<p><em>\u00ab Nous sommes fiers de soutenir les \u00e9tudes des jeunes de la province de Koup\u00e9la. Jumel\u00e9e avec Grigny-sur-Rh\u00f4ne depuis 1999, Koup\u00e9la b\u00e9n\u00e9ficie d\u2019une coop\u00e9ration active. En 2025, le comit\u00e9 de jumelage Grigny\u2013Koup\u00e9la, avec le soutien de nos partenaires allemands de Wettenberg, a financ\u00e9 la construction de quatre classes, remises \u00e0 la direction du coll\u00e8ge \u00e0 la rentr\u00e9e 2025. \u00bb<\/em><\/p>\n","protected":false},"excerpt":{"rendered":"<p>Article de Koup\u00e8la Start-up Internationale. 1. Madame COMPAOR\u00c9\/YERBANGA Lucie, directrice de l\u2019\u00e9tablissement, engag\u00e9e dans la formation des jeunes. 2. Des \u00e9l\u00e8ves en pleine formation pratique, travaillant sur du mat\u00e9riel informatique et \u00e9lectronique. 3. Les \u00e9l\u00e8ves et l\u2019\u00e9quipe p\u00e9dagogique, r\u00e9unis devant &hellip; <a href=\"https:\/\/portailsolidarites.fr\/Koupela\/2026\/04\/28\/college-de-reference-a-koupela\/\">Continuer la lecture <span class=\"meta-nav\">&rarr;<\/span><\/a><\/p>\n","protected":false},"author":6,"featured_media":0,"comment_status":"open","ping_status":"open","sticky":true,"template":"","format":"standard","meta":{"_uag_custom_page_level_css":"","footnotes":""},"categories":[27,3,1],"tags":[],"class_list":["post-4674","post","type-post","status-publish","format-standard","hentry","category-educ","category-act-koup","category-non-classe"],"uagb_featured_image_src":{"full":false,"thumbnail":false,"medium":false,"medium_large":false,"large":false,"1536x1536":false,"2048x2048":false,"post-thumbnail":false},"uagb_author_info":{"display_name":"G\u00e9rard Lebreton","author_link":"https:\/\/portailsolidarites.fr\/Koupela\/author\/gerard\/"},"uagb_comment_info":1,"uagb_excerpt":"Article de Koup\u00e8la Start-up Internationale. 1. Madame COMPAOR\u00c9\/YERBANGA Lucie, directrice de l\u2019\u00e9tablissement, engag\u00e9e dans la formation des jeunes. 2. Des \u00e9l\u00e8ves en pleine formation pratique, travaillant sur du mat\u00e9riel informatique et \u00e9lectronique. 3. Les \u00e9l\u00e8ves et l\u2019\u00e9quipe p\u00e9dagogique, r\u00e9unis devant &hellip; Continuer la lecture &rarr;","_links":{"self":[{"href":"https:\/\/portailsolidarites.fr\/Koupela\/wp-json\/wp\/v2\/posts\/4674","targetHints":{"allow":["GET"]}}],"collection":[{"href":"https:\/\/portailsolidarites.fr\/Koupela\/wp-json\/wp\/v2\/posts"}],"about":[{"href":"https:\/\/portailsolidarites.fr\/Koupela\/wp-json\/wp\/v2\/types\/post"}],"author":[{"embeddable":true,"href":"https:\/\/portailsolidarites.fr\/Koupela\/wp-json\/wp\/v2\/users\/6"}],"replies":[{"embeddable":true,"href":"https:\/\/portailsolidarites.fr\/Koupela\/wp-json\/wp\/v2\/comments?post=4674"}],"version-history":[{"count":10,"href":"https:\/\/portailsolidarites.fr\/Koupela\/wp-json\/wp\/v2\/posts\/4674\/revisions"}],"predecessor-version":[{"id":4688,"href":"https:\/\/portailsolidarites.fr\/Koupela\/wp-json\/wp\/v2\/posts\/4674\/revisions\/4688"}],"wp:attachment":[{"href":"https:\/\/portailsolidarites.fr\/Koupela\/wp-json\/wp\/v2\/media?parent=4674"}],"wp:term":[{"taxonomy":"category","embeddable":true,"href":"https:\/\/portailsolidarites.fr\/Koupela\/wp-json\/wp\/v2\/categories?post=4674"},{"taxonomy":"post_tag","embeddable":true,"href":"https:\/\/portailsolidarites.fr\/Koupela\/wp-json\/wp\/v2\/tags?post=4674"}],"curies":[{"name":"wp","href":"https:\/\/api.w.org\/{rel}","templated":true}]}}